{"id":83295,"date":"2020-04-24T08:33:27","date_gmt":"2020-04-24T12:33:27","guid":{"rendered":"https:\/\/linitiative.ca\/International\/covid-19-21-nouvelles-remissions-8-nouveaux-cas-confirmes-drs\/"},"modified":"2020-04-24T08:33:27","modified_gmt":"2020-04-24T12:33:27","slug":"covid-19-21-nouvelles-remissions-8-nouveaux-cas-confirmes-drs","status":"publish","type":"post","link":"https:\/\/linitiative.ca\/International\/covid-19-21-nouvelles-remissions-8-nouveaux-cas-confirmes-drs\/","title":{"rendered":"Covid-19: 21 nouvelles r\u00e9missions, 8 nouveaux cas confirm\u00e9s (DRS)"},"content":{"rendered":"<div class=\"single-featured\"><img alt=\"\" data-src=\"http:\/\/www.mapmarrakech.ma\/map\/uploads\/2020\/04\/bilan-Rak.jpg\"\/><\/div>\n<div class=\"single-post-excerpt post-excerpt-bc\" readability=\"39\">\n<p>Marrakech \u2013 Un total de 21 nouvelles r\u00e9missions du nouveau coronavirus (Covid-19) ont \u00e9t\u00e9 enregistr\u00e9es, portant \u00e0 106 le nombre des personnes d\u00e9clar\u00e9es totalement r\u00e9tablies au niveau de la r\u00e9gion Marrakech-Safi, selon un dernier bilan \u00e9tabli, vendredi \u00e0 10H00, par la Direction R\u00e9gionale de la Sant\u00e9 (DRS).<\/p>\n<\/div>\n<div class=\"entry-content clearfix single-post-content\" readability=\"52\">\n<p>La m\u00eame source fait \u00e9tat \u00e9galement de 8 nouveaux cas confirm\u00e9s, portant \u00e0 780 le nombre total des infections signal\u00e9es \u00e0 l\u2019\u00e9chelle de la r\u00e9gion depuis le d\u00e9clenchement de la pand\u00e9mie.<\/p>\n<p>Ainsi, la pr\u00e9fecture de Marrakech (488 au total) et les provinces de Rehamna (221), d\u2019Al Haouz (38) et de Chichaoua (25) ont enregistr\u00e9 deux nouveaux cas chacune, pr\u00e9cise la DRS.<\/p>\n<p>Les cas restants sont r\u00e9partis entre les provinces de Kel\u00e2a des Sraghna (05), d\u2019Essaouira (02) et de Safi (un seul cas), tandis que celle de Youssoufia demeure sans aucune infection, selon la DRS qui pr\u00e9cise que le nombre des d\u00e9c\u00e8s s\u2019est stabilis\u00e9 \u00e0 40.<\/p>\n<p>Au niveau national, 124 cas suppl\u00e9mentaires d\u2019infection au Covid-19 ont \u00e9t\u00e9 confirm\u00e9s jusqu\u2019\u00e0 vendredi \u00e0 10H00, portant \u00e0 3.692 le nombre total des cas de contamination.<\/p>\n<\/div>\n<p>Auteur: Meriem IGASS<br \/>\n<a href=\"http:\/\/www.mapmarrakech.ma\/fr\/covid-19-21-nouvelles-remissions-8-nouveaux-cas-confirmes-drs\/\">Cliquez ici pour lire l&rsquo;article depuis sa source.<\/a><\/p>\n","protected":false},"excerpt":{"rendered":"<p>Marrakech \u2013 Un total de 21 nouvelles r\u00e9missions du nouveau coronavirus (Covid-19) ont \u00e9t\u00e9 enregistr\u00e9es, portant \u00e0 106 le nombre des personnes d\u00e9clar\u00e9es totalement r\u00e9tablies au niveau de la r\u00e9gion Marrakech-Safi, selon un dernier bilan \u00e9tabli, vendredi \u00e0 10H00, par la Direction R\u00e9gionale de la Sant\u00e9 (DRS). La m\u00eame source fait \u00e9tat \u00e9galement de 8 [&hellip;]<\/p>\n","protected":false},"author":1788,"featured_media":0,"comment_status":"closed","ping_status":"closed","sticky":false,"template":"","format":"standard","meta":{"fifu_image_url":"","fifu_image_alt":"","footnotes":""},"categories":[54,76],"tags":[],"class_list":["post-83295","post","type-post","status-publish","format-standard","hentry","category-maroc","category-regions"],"_links":{"self":[{"href":"https:\/\/linitiative.ca\/International\/wp-json\/wp\/v2\/posts\/83295","targetHints":{"allow":["GET"]}}],"collection":[{"href":"https:\/\/linitiative.ca\/International\/wp-json\/wp\/v2\/posts"}],"about":[{"href":"https:\/\/linitiative.ca\/International\/wp-json\/wp\/v2\/types\/post"}],"author":[{"embeddable":true,"href":"https:\/\/linitiative.ca\/International\/wp-json\/wp\/v2\/users\/1788"}],"replies":[{"embeddable":true,"href":"https:\/\/linitiative.ca\/International\/wp-json\/wp\/v2\/comments?post=83295"}],"version-history":[{"count":0,"href":"https:\/\/linitiative.ca\/International\/wp-json\/wp\/v2\/posts\/83295\/revisions"}],"wp:attachment":[{"href":"https:\/\/linitiative.ca\/International\/wp-json\/wp\/v2\/media?parent=83295"}],"wp:term":[{"taxonomy":"category","embeddable":true,"href":"https:\/\/linitiative.ca\/International\/wp-json\/wp\/v2\/categories?post=83295"},{"taxonomy":"post_tag","embeddable":true,"href":"https:\/\/linitiative.ca\/International\/wp-json\/wp\/v2\/tags?post=83295"}],"curies":[{"name":"wp","href":"https:\/\/api.w.org\/{rel}","templated":true}]}}