{"id":83296,"date":"2020-04-24T09:08:54","date_gmt":"2020-04-24T13:08:54","guid":{"rendered":"https:\/\/linitiative.ca\/International\/deux-nouvelles-guerisons-a-lhopital-provincial\/"},"modified":"2020-04-24T09:08:54","modified_gmt":"2020-04-24T13:08:54","slug":"deux-nouvelles-guerisons-a-lhopital-provincial","status":"publish","type":"post","link":"https:\/\/linitiative.ca\/International\/deux-nouvelles-guerisons-a-lhopital-provincial\/","title":{"rendered":"Deux nouvelles gu\u00e9risons \u00e0 l\u2019H\u00f4pital provincial"},"content":{"rendered":"<div class=\"single-featured\"><img alt=\"\" data-src=\"http:\/\/www.mapmarrakech.ma\/map\/uploads\/2020\/04\/hopital-provincial-chichaoua-copier.jpg\"\/><\/div>\n<div class=\"single-post-excerpt post-excerpt-bc\" readability=\"35\">\n<p>Chichaoua \u2013 Deux patients compl\u00e8tement gu\u00e9ris du nouveau coronavirus (Covid-19) ont quitt\u00e9, jeudi, l\u2019h\u00f4pital provincial Mohammed VI de Chichaoua.<\/p>\n<\/div>\n<div class=\"entry-content clearfix single-post-content\" readability=\"63\">\n<p>Il s\u2019agit d\u2019un enfant de 11 ans et d\u2019un\u00a0quinquag\u00e9naire\u00a0d\u00e9clar\u00e9s d\u00e9finitivement gu\u00e9ris apr\u00e8s que les tests m\u00e9dicaux et cliniques effectu\u00e9s sur eux se sont r\u00e9v\u00e9l\u00e9s n\u00e9gatifs.<\/p>\n<p>Ainsi, ces nouvelles r\u00e9missions portent \u00e0 5, le nombre des patients ayant quitt\u00e9 cet \u00e9tablissement hospitalier apr\u00e8s la confirmation de leur gu\u00e9rison totale.<\/p>\n<p>A cette occasion, le d\u00e9l\u00e9gu\u00e9 provincial du minist\u00e8re\u00a0de la sant\u00e9 \u00e0 Chichaoua, Mohamed El Mouss a soulign\u00e9 qu\u2019apr\u00e8s avoir pass\u00e9 10 jours \u00e0 l\u2019h\u00f4pital provincial, les deux cas gu\u00e9ris seront plac\u00e9s en isolement sanitaire pendant 14 jours dans l\u2019un des \u00e9tablissements d\u2019h\u00e9bergement, avant de rejoindre leurs familles.<\/p>\n<p>Dans une d\u00e9claration \u00e0 la MAP, M. El Mouss a indiqu\u00e9 que l\u2019\u00e9tat de sant\u00e9 des deux cas a \u00e9t\u00e9 stable tout au long de la p\u00e9riode d\u2019hospitalisation, et qu\u2019ils\u00a0ne souffraient d\u2019aucune complication ou de maladie chronique.<\/p>\n<p>Les deux cas gu\u00e9ris ont b\u00e9n\u00e9fici\u00e9 du protocole de traitement \u00e0 la chloroquine instaur\u00e9 par le minist\u00e8re de la sant\u00e9, a-t-il relev\u00e9, saluant les efforts d\u00e9ploy\u00e9s par les cadres m\u00e9dicaux et para-m\u00e9dicaux pour lutter contre la propagation du Covid-19.<\/p>\n<p>Par ailleurs, le responsable provincial a appel\u00e9 les citoyens\u00a0au respect strict des mesures pr\u00e9ventives adopt\u00e9es dans le cadre de l\u2019\u00e9tat d\u2019urgence sanitaire pour \u00e9radiquer cette pand\u00e9mie.<\/p>\n<\/div>\n<p>Auteur: Meriem IGASS<br \/>\n<a href=\"http:\/\/www.mapmarrakech.ma\/fr\/deux-nouvelles-guerisons-a-lhopital-provincial\/\">Cliquez ici pour lire l&rsquo;article depuis sa source.<\/a><\/p>\n","protected":false},"excerpt":{"rendered":"<p>Chichaoua \u2013 Deux patients compl\u00e8tement gu\u00e9ris du nouveau coronavirus (Covid-19) ont quitt\u00e9, jeudi, l\u2019h\u00f4pital provincial Mohammed VI de Chichaoua. Il s\u2019agit d\u2019un enfant de 11 ans et d\u2019un\u00a0quinquag\u00e9naire\u00a0d\u00e9clar\u00e9s d\u00e9finitivement gu\u00e9ris apr\u00e8s que les tests m\u00e9dicaux et cliniques effectu\u00e9s sur eux se sont r\u00e9v\u00e9l\u00e9s n\u00e9gatifs. Ainsi, ces nouvelles r\u00e9missions portent \u00e0 5, le nombre des patients [&hellip;]<\/p>\n","protected":false},"author":1788,"featured_media":0,"comment_status":"closed","ping_status":"closed","sticky":false,"template":"","format":"standard","meta":{"fifu_image_url":"","fifu_image_alt":"","footnotes":""},"categories":[54,76],"tags":[],"class_list":["post-83296","post","type-post","status-publish","format-standard","hentry","category-maroc","category-regions"],"_links":{"self":[{"href":"https:\/\/linitiative.ca\/International\/wp-json\/wp\/v2\/posts\/83296","targetHints":{"allow":["GET"]}}],"collection":[{"href":"https:\/\/linitiative.ca\/International\/wp-json\/wp\/v2\/posts"}],"about":[{"href":"https:\/\/linitiative.ca\/International\/wp-json\/wp\/v2\/types\/post"}],"author":[{"embeddable":true,"href":"https:\/\/linitiative.ca\/International\/wp-json\/wp\/v2\/users\/1788"}],"replies":[{"embeddable":true,"href":"https:\/\/linitiative.ca\/International\/wp-json\/wp\/v2\/comments?post=83296"}],"version-history":[{"count":0,"href":"https:\/\/linitiative.ca\/International\/wp-json\/wp\/v2\/posts\/83296\/revisions"}],"wp:attachment":[{"href":"https:\/\/linitiative.ca\/International\/wp-json\/wp\/v2\/media?parent=83296"}],"wp:term":[{"taxonomy":"category","embeddable":true,"href":"https:\/\/linitiative.ca\/International\/wp-json\/wp\/v2\/categories?post=83296"},{"taxonomy":"post_tag","embeddable":true,"href":"https:\/\/linitiative.ca\/International\/wp-json\/wp\/v2\/tags?post=83296"}],"curies":[{"name":"wp","href":"https:\/\/api.w.org\/{rel}","templated":true}]}}