{"id":83297,"date":"2020-04-24T09:55:01","date_gmt":"2020-04-24T13:55:01","guid":{"rendered":"https:\/\/linitiative.ca\/International\/forum-dedie-a-encourager-la-creativite-a-distance\/"},"modified":"2020-04-24T09:55:01","modified_gmt":"2020-04-24T13:55:01","slug":"forum-dedie-a-encourager-la-creativite-a-distance","status":"publish","type":"post","link":"https:\/\/linitiative.ca\/International\/forum-dedie-a-encourager-la-creativite-a-distance\/","title":{"rendered":"Forum d\u00e9di\u00e9 \u00e0 encourager la cr\u00e9ativit\u00e9 \u00e0 distance"},"content":{"rendered":"<div readability=\"37\">\n<p>El Kel\u00e2a des Sraghna- Un forum d\u00e9di\u00e9 \u00e0 la cr\u00e9ativit\u00e9 \u00e0 distance est organis\u00e9 du 20 au 30 avril \u00e0 El Kel\u00e2a des Sraghna, en vue d\u2019encourager les diverses cr\u00e9ations artistiques et litt\u00e9raires et d\u2019att\u00e9nuer l\u2019impact du confinement sanitaire, impos\u00e9 par la propagation de la pand\u00e9mie du nouveau coronavirus (Covid-19).<\/p>\n<\/div>\n<div readability=\"80\">\n<p>Initi\u00e9 par la Maison de la Culture de la ville sous le signe \u00ab\u00a0Ensemble en faveur de la vie pour tous\u00a0\u00bb, ce forum virtuel tend \u00e0 cr\u00e9er des activit\u00e9s culturelles via les r\u00e9seaux sociaux, \u00e0 promouvoir la production litt\u00e9raire et artistique autour de la th\u00e9matique de la pr\u00e9vention du Covid-19 et \u00e0 l\u2019aborder sous les diff\u00e9rents modes d\u2019expression litt\u00e9raires et artistiques disponibles.<\/p>\n<p>Ces produits artistiques englobent les arts plastiques (dessin ou sculpture), le th\u00e9\u00e2tre, la po\u00e9sie, la nouvelle courte, la musique et la photographie.<\/p>\n<p>Dans une d\u00e9claration \u00e0 la MAP, le directeur de la Maison de la Culture \u00e0 El Kel\u00e2a des Sraghna, Abdelilah Namrouchi, a indiqu\u00e9 que l\u2019organisation de ce forum intervient dans le sillage de la conjoncture sanitaire actuelle caract\u00e9ris\u00e9e par l\u2019isolement et la distanciation, et s\u2019inscrit dans le cadre des efforts visant la recherche d\u2019autres canaux de communication tels que les r\u00e9seaux sociaux en vue de les \u00e9riger en v\u00e9ritables moyens de promotion de la culture et de la cr\u00e9ativit\u00e9.<\/p>\n<p>Il a ajout\u00e9 que la sp\u00e9cificit\u00e9 de ce forum r\u00e9side dans son ouverture sur les Marocains du monde, dont ceux \u00e9tablis en France, en Belgique, en Espagne, en Italie et aux Emirats Arabes Unis, entre autres, pr\u00e9cisant qu\u2019il conna\u00eet la participation de 194 personnes : (23 participants\/musique), (12 participants\/th\u00e9\u00e2tre), (98 participants\/photographie), (11 participants\/po\u00e9sie), (39 participants\/arts plastiques) et (11 participants\/nouvelle courte).<\/p>\n<p>La premi\u00e8re \u00e9tape ayant pr\u00e9c\u00e9d\u00e9 l\u2019organisation de ce forum a \u00e9t\u00e9 marqu\u00e9e par une large communication m\u00e9diatique avec le plus grand nombre de citoyens \u00e0 l\u2019int\u00e9rieur du Royaume ou \u00e0 l\u2019\u00e9tranger, avant l\u2019entame de la 2\u00e8me phase consacr\u00e9e \u00e0 la r\u00e9ception des productions artistiques et litt\u00e9raires.<\/p>\n<p>Quant \u00e0 la 3\u00e8me \u00e9tape, elle sera d\u00e9di\u00e9e \u00e0 une large diffusion de ces productions sur les r\u00e9seaux sociaux tout au long de la dur\u00e9e de ce forum, alors que la 4\u00e8me et derni\u00e8re \u00e9tape sera couronn\u00e9e par la remise de plusieurs attestations de m\u00e9rite aux participants via les r\u00e9seaux sociaux.<\/p>\n<\/div>\n<p>Auteur: Meriem IGASS<br \/>\n<a href=\"http:\/\/www.mapmarrakech.ma\/fr\/forum-dediee-a-encourager-la-creativite-a-distance\/\">Cliquez ici pour lire l&rsquo;article depuis sa source.<\/a><\/p>\n","protected":false},"excerpt":{"rendered":"<p>El Kel\u00e2a des Sraghna- Un forum d\u00e9di\u00e9 \u00e0 la cr\u00e9ativit\u00e9 \u00e0 distance est organis\u00e9 du 20 au 30 avril \u00e0 El Kel\u00e2a des Sraghna, en vue d\u2019encourager les diverses cr\u00e9ations artistiques et litt\u00e9raires et d\u2019att\u00e9nuer l\u2019impact du confinement sanitaire, impos\u00e9 par la propagation de la pand\u00e9mie du nouveau coronavirus (Covid-19). Initi\u00e9 par la Maison de [&hellip;]<\/p>\n","protected":false},"author":1788,"featured_media":0,"comment_status":"closed","ping_status":"closed","sticky":false,"template":"","format":"standard","meta":{"fifu_image_url":"","fifu_image_alt":"","footnotes":""},"categories":[54,76],"tags":[],"class_list":["post-83297","post","type-post","status-publish","format-standard","hentry","category-maroc","category-regions"],"_links":{"self":[{"href":"https:\/\/linitiative.ca\/International\/wp-json\/wp\/v2\/posts\/83297","targetHints":{"allow":["GET"]}}],"collection":[{"href":"https:\/\/linitiative.ca\/International\/wp-json\/wp\/v2\/posts"}],"about":[{"href":"https:\/\/linitiative.ca\/International\/wp-json\/wp\/v2\/types\/post"}],"author":[{"embeddable":true,"href":"https:\/\/linitiative.ca\/International\/wp-json\/wp\/v2\/users\/1788"}],"replies":[{"embeddable":true,"href":"https:\/\/linitiative.ca\/International\/wp-json\/wp\/v2\/comments?post=83297"}],"version-history":[{"count":0,"href":"https:\/\/linitiative.ca\/International\/wp-json\/wp\/v2\/posts\/83297\/revisions"}],"wp:attachment":[{"href":"https:\/\/linitiative.ca\/International\/wp-json\/wp\/v2\/media?parent=83297"}],"wp:term":[{"taxonomy":"category","embeddable":true,"href":"https:\/\/linitiative.ca\/International\/wp-json\/wp\/v2\/categories?post=83297"},{"taxonomy":"post_tag","embeddable":true,"href":"https:\/\/linitiative.ca\/International\/wp-json\/wp\/v2\/tags?post=83297"}],"curies":[{"name":"wp","href":"https:\/\/api.w.org\/{rel}","templated":true}]}}