{"id":83298,"date":"2020-04-24T10:22:04","date_gmt":"2020-04-24T14:22:04","guid":{"rendered":"https:\/\/linitiative.ca\/International\/masques-trois-cooperatives-obtiennent-le-certificat-de-conformite\/"},"modified":"2020-04-24T10:22:04","modified_gmt":"2020-04-24T14:22:04","slug":"masques-trois-cooperatives-obtiennent-le-certificat-de-conformite","status":"publish","type":"post","link":"https:\/\/linitiative.ca\/International\/masques-trois-cooperatives-obtiennent-le-certificat-de-conformite\/","title":{"rendered":"Masques: Trois coop\u00e9ratives obtiennent le certificat de conformit\u00e9"},"content":{"rendered":"<div class=\"single-featured\"><img alt=\"\" data-src=\"http:\/\/www.mapmarrakech.ma\/map\/uploads\/2020\/04\/cooperative-masque-RAK-copier.jpg\"\/><\/div>\n<div class=\"single-post-excerpt post-excerpt-bc\" readability=\"36\">\n<p>Marrakech \u2013 Trois coop\u00e9ratives op\u00e9rant dans la ville de Marrakech ont obtenu le certificat de conformit\u00e9 pour la production des masques de protection et ce, dans le cadre des efforts soutenus consentis par la wilaya de la r\u00e9gion de Marrakech-Safi pour la mobilisation des ressources et des moyens en vue de l\u2019appui de la strat\u00e9gie de lutte contre la pand\u00e9mie du Covid-19.<\/p>\n<\/div>\n<div class=\"entry-content clearfix single-post-content\" readability=\"59\">\n<p>Il s\u2019agit des coop\u00e9ratives \u00ab\u00a0Tamarates\u00a0\u00bb et \u00ab\u00a0Attaouss\u00a0\u00bb op\u00e9rant dans la zone de la Menara et \u00ab\u00a0Jawhara\u00a0\u00bb active \u00e0 M\u2019hamid.<\/p>\n<p>Dans ce sens, le wali de la r\u00e9gion de Marrakech-Safi, gouverneur de la pr\u00e9fecture de Marrakech, Karim Kassi-Lahlou a effectu\u00e9 une visite aux trois coop\u00e9ratives pour prendre connaissance de l\u2019op\u00e9ration de lancement de la production et remettre aux pr\u00e9sidents de ces unit\u00e9s les certificats de conformit\u00e9 aux normes marocaines obligatoires relatives \u00e0 la fabrication des masques de protection et exig\u00e9es par l\u2019Institut Marocain de Normalisation (IMANOR).<\/p>\n<p>Cette visite a \u00e9t\u00e9 aussi l\u2019occasion d\u2019insister de nouveau sur l\u2019imp\u00e9ratif du respect strict des mesures pr\u00e9ventives n\u00e9cessaires pour \u00e9viter la propagation de la pand\u00e9mie.<\/p>\n<p>La capacit\u00e9 de production globale de ces trois entit\u00e9s, qui ont d\u00e9j\u00e0 b\u00e9n\u00e9fici\u00e9 des programmes de soutien de l\u2019Initiative Nationale pour le D\u00e9veloppement Humain (INDH), se chiffre \u00e0 8.000 unit\u00e9s par jour, qui pourrait \u00eatre revue \u00e0 la hausse.<\/p>\n<p>Par ailleurs, nombre de coop\u00e9ratives ont b\u00e9n\u00e9fici\u00e9 de l\u2019accompagnement et de l\u2019appui n\u00e9cessaires pour leur int\u00e9gration dans l\u2019op\u00e9ration de production des masques de protection, notamment en mati\u00e8re d\u2019encadrement et de suivi pour l\u2019obtention des certificats de conformit\u00e9 et ce, en coordination avec les services de la d\u00e9l\u00e9gation r\u00e9gionale du Commerce et de l\u2019Industrie et les autres intervenants.<\/p>\n<\/div>\n<p>Auteur: Meriem IGASS<br \/>\n<a href=\"http:\/\/www.mapmarrakech.ma\/fr\/masques-trois-cooperatives-obtiennent-le-certificat-de-conformite\/\">Cliquez ici pour lire l&rsquo;article depuis sa source.<\/a><\/p>\n","protected":false},"excerpt":{"rendered":"<p>Marrakech \u2013 Trois coop\u00e9ratives op\u00e9rant dans la ville de Marrakech ont obtenu le certificat de conformit\u00e9 pour la production des masques de protection et ce, dans le cadre des efforts soutenus consentis par la wilaya de la r\u00e9gion de Marrakech-Safi pour la mobilisation des ressources et des moyens en vue de l\u2019appui de la strat\u00e9gie [&hellip;]<\/p>\n","protected":false},"author":1788,"featured_media":0,"comment_status":"closed","ping_status":"closed","sticky":false,"template":"","format":"standard","meta":{"fifu_image_url":"","fifu_image_alt":"","footnotes":""},"categories":[54,76],"tags":[],"class_list":["post-83298","post","type-post","status-publish","format-standard","hentry","category-maroc","category-regions"],"_links":{"self":[{"href":"https:\/\/linitiative.ca\/International\/wp-json\/wp\/v2\/posts\/83298","targetHints":{"allow":["GET"]}}],"collection":[{"href":"https:\/\/linitiative.ca\/International\/wp-json\/wp\/v2\/posts"}],"about":[{"href":"https:\/\/linitiative.ca\/International\/wp-json\/wp\/v2\/types\/post"}],"author":[{"embeddable":true,"href":"https:\/\/linitiative.ca\/International\/wp-json\/wp\/v2\/users\/1788"}],"replies":[{"embeddable":true,"href":"https:\/\/linitiative.ca\/International\/wp-json\/wp\/v2\/comments?post=83298"}],"version-history":[{"count":0,"href":"https:\/\/linitiative.ca\/International\/wp-json\/wp\/v2\/posts\/83298\/revisions"}],"wp:attachment":[{"href":"https:\/\/linitiative.ca\/International\/wp-json\/wp\/v2\/media?parent=83298"}],"wp:term":[{"taxonomy":"category","embeddable":true,"href":"https:\/\/linitiative.ca\/International\/wp-json\/wp\/v2\/categories?post=83298"},{"taxonomy":"post_tag","embeddable":true,"href":"https:\/\/linitiative.ca\/International\/wp-json\/wp\/v2\/tags?post=83298"}],"curies":[{"name":"wp","href":"https:\/\/api.w.org\/{rel}","templated":true}]}}