{"id":83299,"date":"2020-04-24T13:46:52","date_gmt":"2020-04-24T17:46:52","guid":{"rendered":"https:\/\/linitiative.ca\/International\/lancement-dune-etude-post-covid-19-pour-la-relance-de-leconomie\/"},"modified":"2020-04-24T13:46:52","modified_gmt":"2020-04-24T17:46:52","slug":"lancement-dune-etude-post-covid-19-pour-la-relance-de-leconomie","status":"publish","type":"post","link":"https:\/\/linitiative.ca\/International\/lancement-dune-etude-post-covid-19-pour-la-relance-de-leconomie\/","title":{"rendered":"Lancement d\u2019une \u00e9tude post Covid-19 pour la relance de l\u2019\u00e9conomie"},"content":{"rendered":"<div readability=\"39\">\n<p>Marrakech \u2013 Le Centre R\u00e9gional d\u2019Investissement (CRI), la Wilaya de la r\u00e9gion de Marrakech-Safi et l\u2019Universit\u00e9 Cadi Ayyad (UCA) envisagent de lancer, d\u00e9but mai prochain, \u00e0 l\u2019intention des chercheurs de l\u2019\u00e9tablissement universitaire, une \u00e9tude post Covid-19 pour la pr\u00e9servation et la relance de l\u2019\u00e9conomie et de l\u2019investissement dans cette r\u00e9gion.<\/p>\n<\/div>\n<div readability=\"112\">\n<p>Conscient de l\u2019importance des effets de la crise induite par le nouveau coronavirus sur le tissu \u00e9conomique de la R\u00e9gion et afin de contribuer \u00e0 la dynamique nationale, le CRI, la Wilaya de la R\u00e9gion et l\u2019UCA se sont ainsi mobilis\u00e9s pour lancer cette \u00e9tude, qui vise \u00e0 analyser l\u2019impact de la pand\u00e9mie sur l\u2019\u00e9conomie de la r\u00e9gion.<\/p>\n<p>Cette \u00e9tude tend aussi \u00e0 identifier les enjeux majeurs et structurants, notamment pour l\u2019emploi, les tr\u00e8s petites et moyennes entreprises, le secteur informel et les secteurs \u00e9conomiques cl\u00e9s, l\u2019objectif \u00e9tant d\u2019\u00e9valuer l\u2019impact strat\u00e9gique pour \u00e9clairer la prise de d\u00e9cision chez les acteurs de d\u00e9veloppement de la r\u00e9gion, indique un communiqu\u00e9 conjoint des trois parties \u00e0 l\u2019origine de cette initiative.<\/p>\n<p>Elle a \u00e9galement pour finalit\u00e9 de proposer un plan de pr\u00e9servation et de relance de l\u2019\u00e9conomie et de l\u2019investissement dans la r\u00e9gion, et d\u2019apporter des solutions concr\u00e8tes et applicables imm\u00e9diatement ou dans un court et moyen terme \u00e0 l\u2019\u00e9chelle de la r\u00e9gion, ajoute la m\u00eame source.<\/p>\n<p>Et de pr\u00e9ciser que ces solutions doivent faire partie des pr\u00e9rogatives de la R\u00e9gion et de ses acteurs, et \u00eatre compl\u00e9mentaires mais non r\u00e9p\u00e9titives ni contradictoires avec les r\u00e9ponses apport\u00e9es par l\u2019Etat au niveau national, soulignant que l\u2019urgence de la situation exige une prise en main rapide de cette \u00e9tude.<\/p>\n<p>Le CRI et la Wilaya de la r\u00e9gion de Marrakech-Safi ont mis en place, d\u00e8s le d\u00e9but de cette crise sanitaire, une cellule de veille \u00e9conomique sp\u00e9ciale Covid-19, en partenariat avec les diff\u00e9rents d\u00e9partements et administrations r\u00e9gionales (Tourisme, Artisanat, Agriculture, Industrie, CNSS, CGEM, Imp\u00f4ts\u2026) permettant de suivre quotidiennement l\u2019impact \u00e9conomique de cette crise au niveau de la r\u00e9gion, rappelle-t-on.<\/p>\n<p>L\u2019Universit\u00e9 Cadi Ayyad a, quant \u00e0 elle, mis en place une strat\u00e9gie pour orienter la recherche scientifique vers la pand\u00e9mie du Covid-19 et ses r\u00e9percussions sur les diff\u00e9rents aspects de la vie sociale et \u00e9conomique. L\u2019objectif est de contribuer aux dynamiques, nationale et r\u00e9gionale, pour apporter des \u00e9l\u00e9ments de r\u00e9ponse aux questions relatives \u00e0 l\u2019analyse de la propagation de la pand\u00e9mie et \u00e0 la saisie de ses diff\u00e9rentes dimensions au Maroc, en g\u00e9n\u00e9ral, et dans la R\u00e9gion de Marrakech-Safi, en particulier.<\/p>\n<p>L\u2019ambition est aussi de renforcer l\u2019ancrage territorial de l\u2019universit\u00e9 par le d\u00e9veloppement de solutions appropri\u00e9es pour mieux g\u00e9rer la p\u00e9riode post-pand\u00e9mie, et permettre une transition vers un mod\u00e8le de d\u00e9veloppement durable et int\u00e9gr\u00e9.<\/p>\n<p>Le monde vit aujourd\u2019hui dans un contexte particulier avec la pand\u00e9mie du Covid-19, indique-t-on, relevant que la crise sanitaire a tr\u00e8s vite \u00e9t\u00e9 accompagn\u00e9e dans plusieurs pays, d\u2019une crise socio-\u00e9conomique, notamment en cons\u00e9quence du confinement et de l\u2019arr\u00eat d\u2019activit\u00e9 de plusieurs secteurs \u00e9conomiques.<\/p>\n<p>Le Maroc a d\u00e9j\u00e0 r\u00e9agi avec un ensemble de mesures exceptionnelles et courageuses, de soutien et d\u2019accompagnement, et continue \u00e0 \u00e9tudier les diff\u00e9rentes solutions qui s\u2019offrent \u00e0 lui dans un contexte aussi difficile, pour minimiser les impacts de la crise sur les secteurs cl\u00e9s de l\u2019\u00e9conomie nationale, conclut le communiqu\u00e9.<\/p>\n<\/div>\n<p>Auteur: Meriem IGASS<br \/>\n<a href=\"http:\/\/www.mapmarrakech.ma\/fr\/lancement-dune-etude-post-covid-19-pour-la-relance-de-leconomie\/\">Cliquez ici pour lire l&rsquo;article depuis sa source.<\/a><\/p>\n","protected":false},"excerpt":{"rendered":"<p>Marrakech \u2013 Le Centre R\u00e9gional d\u2019Investissement (CRI), la Wilaya de la r\u00e9gion de Marrakech-Safi et l\u2019Universit\u00e9 Cadi Ayyad (UCA) envisagent de lancer, d\u00e9but mai prochain, \u00e0 l\u2019intention des chercheurs de l\u2019\u00e9tablissement universitaire, une \u00e9tude post Covid-19 pour la pr\u00e9servation et la relance de l\u2019\u00e9conomie et de l\u2019investissement dans cette r\u00e9gion. Conscient de l\u2019importance des effets [&hellip;]<\/p>\n","protected":false},"author":1788,"featured_media":0,"comment_status":"closed","ping_status":"closed","sticky":false,"template":"","format":"standard","meta":{"fifu_image_url":"","fifu_image_alt":"","footnotes":""},"categories":[54,76],"tags":[],"class_list":["post-83299","post","type-post","status-publish","format-standard","hentry","category-maroc","category-regions"],"_links":{"self":[{"href":"https:\/\/linitiative.ca\/International\/wp-json\/wp\/v2\/posts\/83299","targetHints":{"allow":["GET"]}}],"collection":[{"href":"https:\/\/linitiative.ca\/International\/wp-json\/wp\/v2\/posts"}],"about":[{"href":"https:\/\/linitiative.ca\/International\/wp-json\/wp\/v2\/types\/post"}],"author":[{"embeddable":true,"href":"https:\/\/linitiative.ca\/International\/wp-json\/wp\/v2\/users\/1788"}],"replies":[{"embeddable":true,"href":"https:\/\/linitiative.ca\/International\/wp-json\/wp\/v2\/comments?post=83299"}],"version-history":[{"count":0,"href":"https:\/\/linitiative.ca\/International\/wp-json\/wp\/v2\/posts\/83299\/revisions"}],"wp:attachment":[{"href":"https:\/\/linitiative.ca\/International\/wp-json\/wp\/v2\/media?parent=83299"}],"wp:term":[{"taxonomy":"category","embeddable":true,"href":"https:\/\/linitiative.ca\/International\/wp-json\/wp\/v2\/categories?post=83299"},{"taxonomy":"post_tag","embeddable":true,"href":"https:\/\/linitiative.ca\/International\/wp-json\/wp\/v2\/tags?post=83299"}],"curies":[{"name":"wp","href":"https:\/\/api.w.org\/{rel}","templated":true}]}}