{"id":83300,"date":"2020-04-24T08:39:59","date_gmt":"2020-04-24T12:39:59","guid":{"rendered":"https:\/\/linitiative.ca\/International\/oran-les-metiers-liberaux-eprouves-par-le-confinement-sanitaire\/"},"modified":"2020-04-24T08:39:59","modified_gmt":"2020-04-24T12:39:59","slug":"oran-les-metiers-liberaux-eprouves-par-le-confinement-sanitaire","status":"publish","type":"post","link":"https:\/\/linitiative.ca\/International\/oran-les-metiers-liberaux-eprouves-par-le-confinement-sanitaire\/","title":{"rendered":"Oran: les m\u00e9tiers lib\u00e9raux \u00e9prouv\u00e9s par le confinement sanitaire"},"content":{"rendered":"<div readability=\"35\">\n<p><strong>ORAN &#8211; Le confinement sanitaire impos\u00e9 pour lutter contre la propagation de l\u2019\u00e9pid\u00e9mie du Coronavirus, a mis \u00e0 mal les personnes exer\u00e7ant des m\u00e9tiers lib\u00e9raux dans diff\u00e9rents domaines par manque d&rsquo;activit\u00e9s.<\/strong><\/p>\n<\/div>\n<div readability=\"142.814112743\">\n<p>Il s\u2019agit notamment de coiffeurs, taxieurs, soudeurs, ma\u00e7ons, carreleurs, peintres, tacherons et autres, qui se sont retrouv\u00e9s sans entr\u00e9es d\u2019argent suite \u00e0 l\u2019arr\u00eat de leurs activit\u00e9s depuis le d\u00e9but de l\u2019annonce du confinement sanitaire.<\/p>\n<blockquote readability=\"8\">\n<p><em><strong>\u00ab\u00a0J\u2019ai pu tenir quelques semaines mais aujourd\u2019hui, j\u2019ai \u00e9puis\u00e9 toutes mes \u00e9conomies et je n\u2019ai plus le sou pour lever la t\u00eate\u00a0\u00bb, tonne un coiffeur \u00e0 ha\u00ef USTO.<\/strong><\/em><\/p>\n<\/blockquote>\n<p>\u00ab\u00a0Il est vrai qu\u2019on va d\u00e9passer cette \u00e9preuve difficile t\u00f4t ou tard mais j\u2019avoue qu\u2019\u00e0 la longue cette situation se fait sentir de plus en plus \u00e9prouvante\u00a0\u00bb, a-t-il d\u00e9clar\u00e9 avec un sentiment de r\u00e9pit.<\/p>\n<hr\/>\n<h3 class=\"allmode-title\"><a href=\"https:\/\/41.110.185.2\/proxy\/5fed9b7c\/http\/www.aps.dz\/regions\/104364-tizi-ouzou-covid-19-la-gestion-du-confinement-reflete-l-efficacite-atemporelle-de-tajmaat\">Tizi-Ouzou\/Covid-19: La gestion du confinement refl\u00e8te l\u00a0\u00bbefficacit\u00e9 atemporelle\u00a0\u00bb de Tajmaat<\/a><\/h3>\n<hr\/>\n<p>Le cas d\u2019un autre journalier est \u00e9difiant. Il travaille dans une grande entreprise de b\u00e2timent qui est aujourd\u2019hui \u00e0 l\u2019arr\u00eat. \u00ab\u00a0Nous\u00a0 avons re\u00e7u nos salaires le mois de mars, mais je ne pense pas qu\u2019on va toucher le salaire du mois d\u2019avril surtout \u00e0 l\u2019approche du mois de Ramadhan\u00a0\u00bb, s\u2019est exprim\u00e9 avec amertume et la mort dans l\u2019\u00e2me, un ouvrier de 52 ans.<\/p>\n<blockquote readability=\"11\">\n<p><em><strong>Une situation pr\u00e9occupante, comme le dit le coordinateur du bureau d\u2019Oran de l\u2019Union g\u00e9n\u00e9rale des commer\u00e7ants et artisans alg\u00e9riens (UGCAA), Mouad Abed, qui appelle les hautes autorit\u00e9s du pays \u00e0 trouver une solution aux probl\u00e8mes de ces corps de m\u00e9tiers lib\u00e9raux totalisant plus de 15.000<\/strong><\/em><\/p>\n<\/blockquote>\n<p>personnes au niveau de la wilaya, touch\u00e9es dans leur v\u00e9cu quotidien \u00e0 l\u2019\u00e8re des mesures de confinement sanitaire et de lutte contre le coronavirus.<\/p>\n<p>Cette cat\u00e9gorie de travailleurs n\u2019arrive plus \u00e0 joindre les deux bouts, surtout ceux qui versent r\u00e9guli\u00e8rement les cotisations \u00e0 la Caisse d\u2019assurance sociale des non salari\u00e9s (CASNOS) et qui demandent aujourd\u2019hui qu\u2019avoir une indemnit\u00e9, \u00e0 titre exceptionnel, pour maintenir leur dignit\u00e9 et pouvoir faire face \u00e0 leur situation intenable, a-t-il reconnu.<\/p>\n<p>\u00ab\u00a0Il y a urgence \u00e0 trouver une solution \u00e0 leurs appels r\u00e9it\u00e9r\u00e9s, comme cr\u00e9er un fonds de solidarit\u00e9\u00a0\u00bb, a propos\u00e9 le repr\u00e9sentant local de l\u2019UGCAA, qui estime que \u00ab\u00a0le kit alimentaire ne suffit pas pour voler au secours de ces m\u00e9tiers professionnels\u00a0\u00bb. Le message est clair et nous devons \u00e9viter ce genre de situation\u00a0\u00bb, a-t-il d\u00e9plor\u00e9.<\/p>\n<p><strong>Les secteurs du BTPH et du tourisme fortement impact\u00e9s<\/strong><\/p>\n<p>Avec le confinement, la situation semble difficile pour de nombreux secteurs dont ceux du b\u00e2timent, des travaux publics et des services, \u00e0 l\u2019instar du tourisme, soutient Rachid Cherchar, membre \u00e9lu \u00e0 la Chambre de commerce et d\u2019Industrie de l\u2019Oranie (CCIO) et responsable de la cellule de crise, qui explique que des pans entiers de l\u2019\u00e9conomie tournent au ralenti s\u2019ils ne sont pas devenus tout simplement exsangues.<\/p>\n<p>C\u2019est le cas du groupe ALTIME-Services, qui emploie dans sept fili\u00e8res dont celles du BTPH plus de 400 travailleurs, selon son charg\u00e9 de la communication, Brahim Zerrouki, qui met en avant les pertes subies par l\u2019entreprise lesquelles portent un s\u00e9rieux coup \u00e0 sa sant\u00e9 financi\u00e8re.<\/p>\n<blockquote readability=\"12\">\n<p><em><strong>\u00ab\u00a0Nous avons des chantiers pour la r\u00e9alisation des \u00e9quipements publics \u00e0 Oran, \u00e0 Sidi Bel-Abbes et ailleurs et nous sommes accul\u00e9s par des imp\u00e9ratifs de d\u00e9lais de livraison\u00a0\u00bb, a-t-il d\u00e9clar\u00e9. M\u00eame notre centrale \u00e0 b\u00e9ton qui emploie une trentaine d\u2019employ\u00e9 est \u00e0 l\u2019arr\u00eat par mesure pr\u00e9ventive sanitaire. L\u2019entreprise a pay\u00e9 le mois de mars et s\u2019est engag\u00e9e \u00e9galement \u00e0 verser le salaire du mois d\u2019avril. \u00ab\u00a0Pour le reste, rien n\u2019est pas garantie\u00a0\u00bb, pr\u00e9vient-il.<\/strong><\/em><\/p>\n<\/blockquote>\n<p>\u00ab\u00a0Nous avons pay\u00e9 les salaires sans recourir au fonds de la CACOBATH. C\u2019est un effort individuel qui se joint \u00e0 l\u2019\u00e9lan de solidarit\u00e9 agissante\u00a0\u00bb, a expliqu\u00e9 M. Zerrouki, appelant les autorit\u00e9s du pays \u00e0 venir \u00e0 leur rescousse en prolongeant les d\u00e9lais de livraison des \u00e9quipements que le groupe est charg\u00e9 de fournir.<\/p>\n<p>Le secteur du tourisme subit de plein fouet cette crise, \u00e0 l\u2019instar du pr\u00e9judice subis par les \u00e9tablissements h\u00f4teliers dont \u00ab\u00a0Les jasmins\u00a0\u00bb, \u00ab\u00a0Libert\u00e9\u00a0\u00bb, \u00ab\u00a0Royal\u00a0\u00bb et \u00ab\u00a0Sheraton\u00a0\u00bb qui tournent aujourd\u2019hui \u00e0 10 pour cent de leurs capacit\u00e9s, ou groupes h\u00f4telier \u00ab\u00a0Eden\u00a0\u00bb qui est \u00e0 la disposition du<\/p>\n<p>personnel m\u00e9dical. Pis, tous les \u00e9tablissement h\u00f4teliers de la wilaya sont \u00e0 l\u2019arr\u00eat ou presque.<\/p>\n<p>Il est fort \u00e0 craindre des fractures, en t\u00e9moigne la chute du chiffre d\u2019affaires des tr\u00e8s petites et moyennes entreprises (TPE), qui seront contraintes \u00e0 mettre en ch\u00f4mage technique des travailleurs, voire m\u00eame des licenciements, fait savoir Dr Fethi Ferhane, \u00e9conomiste \u00e0 l\u2019universit\u00e9 Oran 2 ( Belga\u00efd).<\/p>\n<blockquote readability=\"8\">\n<p><em><strong>Pr\u00e9voyant en cas de persistance de la crise la disparition et la fermeture \u00e0 tour de bras de beaucoup de PME, il plaide pour des mesures de soutien \u00e0 ces entit\u00e9s qui paient les frais des dommages g\u00e9n\u00e9r\u00e9s par le confinement.<\/strong><\/em><\/p>\n<\/blockquote>\n<p>Selon des statistiques, plus de 70 pc du tissu \u00e9conomique local est form\u00e9 de TPE et de PME, les premi\u00e8res employant moins de 10 travailleurs chacune et les autres entre 11 et 249 chacun.<\/p>\n<\/div>\n<p>Auteur:<br \/>\n<a href=\"http:\/\/www.aps.dz\/regions\/104367-oran-les-metiers-liberaux-eprouves-par-le-confinement-sanitaire\">Cliquez ici pour lire l&rsquo;article depuis sa source.<\/a><\/p>\n","protected":false},"excerpt":{"rendered":"<p>ORAN &#8211; Le confinement sanitaire impos\u00e9 pour lutter contre la propagation de l\u2019\u00e9pid\u00e9mie du Coronavirus, a mis \u00e0 mal les personnes exer\u00e7ant des m\u00e9tiers lib\u00e9raux dans diff\u00e9rents domaines par manque d&rsquo;activit\u00e9s. Il s\u2019agit notamment de coiffeurs, taxieurs, soudeurs, ma\u00e7ons, carreleurs, peintres, tacherons et autres, qui se sont retrouv\u00e9s sans entr\u00e9es d\u2019argent suite \u00e0 l\u2019arr\u00eat de [&hellip;]<\/p>\n","protected":false},"author":1790,"featured_media":0,"comment_status":"closed","ping_status":"closed","sticky":false,"template":"","format":"standard","meta":{"fifu_image_url":"","fifu_image_alt":"","footnotes":""},"categories":[53,76],"tags":[],"class_list":["post-83300","post","type-post","status-publish","format-standard","hentry","category-algerie","category-regions"],"_links":{"self":[{"href":"https:\/\/linitiative.ca\/International\/wp-json\/wp\/v2\/posts\/83300","targetHints":{"allow":["GET"]}}],"collection":[{"href":"https:\/\/linitiative.ca\/International\/wp-json\/wp\/v2\/posts"}],"about":[{"href":"https:\/\/linitiative.ca\/International\/wp-json\/wp\/v2\/types\/post"}],"author":[{"embeddable":true,"href":"https:\/\/linitiative.ca\/International\/wp-json\/wp\/v2\/users\/1790"}],"replies":[{"embeddable":true,"href":"https:\/\/linitiative.ca\/International\/wp-json\/wp\/v2\/comments?post=83300"}],"version-history":[{"count":0,"href":"https:\/\/linitiative.ca\/International\/wp-json\/wp\/v2\/posts\/83300\/revisions"}],"wp:attachment":[{"href":"https:\/\/linitiative.ca\/International\/wp-json\/wp\/v2\/media?parent=83300"}],"wp:term":[{"taxonomy":"category","embeddable":true,"href":"https:\/\/linitiative.ca\/International\/wp-json\/wp\/v2\/categories?post=83300"},{"taxonomy":"post_tag","embeddable":true,"href":"https:\/\/linitiative.ca\/International\/wp-json\/wp\/v2\/tags?post=83300"}],"curies":[{"name":"wp","href":"https:\/\/api.w.org\/{rel}","templated":true}]}}