{"id":83302,"date":"2020-04-24T12:45:39","date_gmt":"2020-04-24T16:45:39","guid":{"rendered":"https:\/\/linitiative.ca\/International\/blida-reouverture-de-toutes-les-stations-services\/"},"modified":"2020-04-24T12:45:39","modified_gmt":"2020-04-24T16:45:39","slug":"blida-reouverture-de-toutes-les-stations-services","status":"publish","type":"post","link":"https:\/\/linitiative.ca\/International\/blida-reouverture-de-toutes-les-stations-services\/","title":{"rendered":"Blida : R\u00e9ouverture de toutes les stations-services"},"content":{"rendered":"<div readability=\"41\">\n<p><strong>BLIDA- Le wali de Blida, Kamel Nouicer a annonc\u00e9, vendredi, que toutes les stations-services r\u00e9parties \u00e0 travers le territoire de la wilaya, reprendront du service, et ce suite \u00e0 la lev\u00e9e du confinement total sur cette wilaya et son remplacement par le confinement partiel, dans le but de pr\u00e9venir la propagation de la pand\u00e9mie de Covid-19.<\/strong><\/p>\n<\/div>\n<div readability=\"65\">\n<p>\u00ab Toutes les stations-services r\u00e9parties sur le territoire de la wilaya, au nombre de 65 stations relevant des deux secteurs public et priv\u00e9s, reprendront leurs activit\u00e9s, suite \u00e0 la lev\u00e9e du confinement total sur la wilaya et son remplacement par un confinement partiel entr\u00e9 en vigueur d\u00e8s vendredi, co\u00efncidant avec le premier jour de Ramadhan \u00bb, indiqu\u00e9 M. Nouicer dans une d\u00e9claration \u00e0 la presse.<\/p>\n<p>Cette mesure all\u00e9gera la grande pression enregistr\u00e9e au niveau des quelques stations-services autoris\u00e9es \u00e0 travailler tout au long de la p\u00e9riode du confinement total et permettre aux citoyens de se d\u00e9placer sans d\u00e9sagr\u00e9ments pendant la tranche horaire comprise entre 07h00 et 14h00, a assur\u00e9 le m\u00eame responsable.<\/p>\n<p>M.Nouicer a toutefois pr\u00e9cis\u00e9 que la d\u00e9cision de lever le confinement total sur la wilaya ne concerne pas l\u2019autorisation de reprendre toutes les activit\u00e9s commerciales qui ont \u00e9t\u00e9 suspendues pour endiguer la propagation de la pend\u00e9mie de Covid-19, notamment celles qui peuvent compromettre gravement les acquis obtenus tout au long de la p\u00e9riode d\u2019un mois de confinement total.<\/p>\n<blockquote readability=\"9\">\n<p><strong><em>Il a cit\u00e9, entre autres, les activit\u00e9s \u00e0 forte affluence comme les magasins de v\u00eatements et les locaux de vente des g\u00e2teau traditionnels \u00e0 l&rsquo;image de la Zlabia par laquelle se d\u00e9marque la ville de Boufarik notamment en ce mois de ramadhan.<\/em><\/strong><\/p>\n<\/blockquote>\n<p>Exhortant les citoyens a faire preuve de patience et \u00e0 accepter de telles d\u00e9cisions s&rsquo;inscrivant dans le cadre de la pr\u00e9servation de la sant\u00e9 publique, le m\u00eame responsable a fait savoir que la situation sanitaire dans wilaya s&rsquo;\u00e9tait am\u00e9lior\u00e9e gr\u00e2ce au respect par les citoyens du confinement depuis le d\u00e9but, d&rsquo;ou les r\u00e9sultats positifs ressentis.<\/p>\n<p>Il a mis en avant l&rsquo;importance de maintenir ces comportements de civisme qui permettront certainement l&rsquo;\u00e9radication de cette pand\u00e9mie.<\/p>\n<\/div>\n<p>Auteur:<br \/>\n<a href=\"http:\/\/www.aps.dz\/regions\/104375-blida-reouverture-de-toutes-les-stations-services\">Cliquez ici pour lire l&rsquo;article depuis sa source.<\/a><\/p>\n","protected":false},"excerpt":{"rendered":"<p>BLIDA- Le wali de Blida, Kamel Nouicer a annonc\u00e9, vendredi, que toutes les stations-services r\u00e9parties \u00e0 travers le territoire de la wilaya, reprendront du service, et ce suite \u00e0 la lev\u00e9e du confinement total sur cette wilaya et son remplacement par le confinement partiel, dans le but de pr\u00e9venir la propagation de la pand\u00e9mie de [&hellip;]<\/p>\n","protected":false},"author":1790,"featured_media":0,"comment_status":"closed","ping_status":"closed","sticky":false,"template":"","format":"standard","meta":{"fifu_image_url":"","fifu_image_alt":"","footnotes":""},"categories":[53,76],"tags":[],"class_list":["post-83302","post","type-post","status-publish","format-standard","hentry","category-algerie","category-regions"],"_links":{"self":[{"href":"https:\/\/linitiative.ca\/International\/wp-json\/wp\/v2\/posts\/83302","targetHints":{"allow":["GET"]}}],"collection":[{"href":"https:\/\/linitiative.ca\/International\/wp-json\/wp\/v2\/posts"}],"about":[{"href":"https:\/\/linitiative.ca\/International\/wp-json\/wp\/v2\/types\/post"}],"author":[{"embeddable":true,"href":"https:\/\/linitiative.ca\/International\/wp-json\/wp\/v2\/users\/1790"}],"replies":[{"embeddable":true,"href":"https:\/\/linitiative.ca\/International\/wp-json\/wp\/v2\/comments?post=83302"}],"version-history":[{"count":0,"href":"https:\/\/linitiative.ca\/International\/wp-json\/wp\/v2\/posts\/83302\/revisions"}],"wp:attachment":[{"href":"https:\/\/linitiative.ca\/International\/wp-json\/wp\/v2\/media?parent=83302"}],"wp:term":[{"taxonomy":"category","embeddable":true,"href":"https:\/\/linitiative.ca\/International\/wp-json\/wp\/v2\/categories?post=83302"},{"taxonomy":"post_tag","embeddable":true,"href":"https:\/\/linitiative.ca\/International\/wp-json\/wp\/v2\/tags?post=83302"}],"curies":[{"name":"wp","href":"https:\/\/api.w.org\/{rel}","templated":true}]}}