{"id":83306,"date":"2020-04-23T14:31:48","date_gmt":"2020-04-23T18:31:48","guid":{"rendered":"https:\/\/linitiative.ca\/International\/salon-des-grandes-ecoles-bilan-de-ledition-virtuelle\/"},"modified":"2020-04-23T14:31:48","modified_gmt":"2020-04-23T18:31:48","slug":"salon-des-grandes-ecoles-bilan-de-ledition-virtuelle","status":"publish","type":"post","link":"https:\/\/linitiative.ca\/International\/salon-des-grandes-ecoles-bilan-de-ledition-virtuelle\/","title":{"rendered":"Salon des grandes \u00e9coles: Bilan de l&rsquo;\u00e9dition virtuelle"},"content":{"rendered":"<div class=\"body\">\n<div class=\"field field-name-body field-type-text-with-summary field-label-hidden\">\n<div class=\"field-items\" readability=\"9.5\">\n<div class=\"field-item even\" property=\"content:encoded\" readability=\"14\">\n<p class=\"rtejustify\">Tenue les 11 et 12 avril derniers, l&rsquo;\u00e9dition 2020 du Salon des grandes \u00e9coles et universit\u00e9s s&rsquo;est d\u00e9roul\u00e9e sur une plateforme \u00e9lectronique interactive. 7.000 visiteurs, dont 15% issus de pays d&rsquo;Afrique subsahariens, ont \u00e9t\u00e9 re\u00e7us par les \u00e9tablissements participant \u00e0 ce salon. A l&rsquo;issue de cette \u00e9dition, les organisateurs ont vers\u00e9 une contribution au Fonds sp\u00e9cial de lutte contre le Covid-19.<\/p>\n<p class=\"rtejustify\"><em>M.A.M.<\/em><\/p>\n<\/div>\n<\/div>\n<\/div>\n<\/div>\n<div class=\"eco-conseil\">\n<div class=\"view view-eco-conseil-16 view-id-eco_conseil_16 view-display-id-cookies view-dom-id-6413bf456cfde7d318f8c654b53f98e2\">\n<div class=\"view-content\">\n<div id=\"views-bootstrap-grid-1\" class=\"views-bootstrap-grid-plugin-style\">\n<div class=\"row\">\n<div class=\" col-xs-12 col-lg-4\">\n<div class=\"row\">\n<div class=\"col col-xs-12 col-lg-12\">\n<div class=\"field-content\"><a href=\"\/article\/1061026-huawei-offre-ses-solutions-contre-le-covid-au-maroc\"><img loading=\"lazy\" decoding=\"async\" class=\"img-responsive\" typeof=\"foaf:Image\" src=\"https:\/\/www.leconomiste.com\/sites\/default\/files\/eco7\/public\/styles\/800x400\/public\/default_images\/default_une.jpg?itok=4jZlgnIZ\" width=\"660\" height=\"330\" alt=\"\"\/><\/a><\/div>\n<\/div>\n<div class=\" title_suite_2 col col-xs-12 col-lg-12\"> <a href=\"\/article\/1061026-huawei-offre-ses-solutions-contre-le-covid-au-maroc\"\/><span class=\"field-content\">Article 1061026<\/span><\/div>\n<\/div>\n<\/div>\n<div class=\" col-xs-12 col-lg-4\">\n<div class=\"row\">\n<div class=\"col col-xs-12 col-lg-12\">\n<div class=\"field-content\"><a href=\"\/article\/1061024-une-application-pour-les-livraisons-casablanca\"><img loading=\"lazy\" decoding=\"async\" class=\"img-responsive\" typeof=\"foaf:Image\" src=\"https:\/\/www.leconomiste.com\/sites\/default\/files\/eco7\/public\/styles\/800x400\/public\/default_images\/default_une.jpg?itok=4jZlgnIZ\" width=\"660\" height=\"330\" alt=\"\"\/><\/a><\/div>\n<\/div>\n<div class=\" title_suite_2 col col-xs-12 col-lg-12\"> <a href=\"\/article\/1061024-une-application-pour-les-livraisons-casablanca\"\/><span class=\"field-content\">Une application pour les livraisons \u00e0 Casablanca<\/span><\/div>\n<\/div>\n<\/div>\n<div class=\" col-xs-12 col-lg-4\">\n<div class=\"row\">\n<div class=\"col col-xs-12 col-lg-12\">\n<div class=\"field-content\"><a href=\"\/article\/1061023-application-anticoronavirus-la-cndp-atteste-la-conformite-du-traitement\"><img loading=\"lazy\" decoding=\"async\" class=\"img-responsive\" typeof=\"foaf:Image\" src=\"https:\/\/www.leconomiste.com\/sites\/default\/files\/eco7\/public\/styles\/800x400\/public\/default_images\/default_une.jpg?itok=4jZlgnIZ\" width=\"660\" height=\"330\" alt=\"\"\/><\/a><\/div>\n<\/div>\n<div class=\" title_suite_2 col col-xs-12 col-lg-12\"> <a href=\"\/article\/1061023-application-anticoronavirus-la-cndp-atteste-la-conformite-du-traitement\"\/><span class=\"field-content\">Application anticoronavirus: La CNDP \u00abatteste la conformit\u00e9\u00bb du traitement <\/span><\/div>\n<\/div>\n<\/div>\n<\/div>\n<\/div>\n<\/div>\n<\/div>\n<\/div>\n<p>Auteur: hlafriqi<br \/>\n<a href=\"https:\/\/www.leconomiste.com\/article\/1061025-salon-des-grandes-ecoles-bilan-de-l-edition-virtuelle\">Cliquez ici pour lire l&rsquo;article depuis sa source.<\/a><\/p>\n","protected":false},"excerpt":{"rendered":"<p>Tenue les 11 et 12 avril derniers, l&rsquo;\u00e9dition 2020 du Salon des grandes \u00e9coles et universit\u00e9s s&rsquo;est d\u00e9roul\u00e9e sur une plateforme \u00e9lectronique interactive. 7.000 visiteurs, dont 15% issus de pays d&rsquo;Afrique subsahariens, ont \u00e9t\u00e9 re\u00e7us par les \u00e9tablissements participant \u00e0 ce salon. A l&rsquo;issue de cette \u00e9dition, les organisateurs ont vers\u00e9 une contribution au Fonds [&hellip;]<\/p>\n","protected":false},"author":1763,"featured_media":0,"comment_status":"closed","ping_status":"closed","sticky":false,"template":"","format":"standard","meta":{"fifu_image_url":"","fifu_image_alt":"","footnotes":""},"categories":[78,54],"tags":[],"class_list":["post-83306","post","type-post","status-publish","format-standard","hentry","category-economie","category-maroc"],"_links":{"self":[{"href":"https:\/\/linitiative.ca\/International\/wp-json\/wp\/v2\/posts\/83306","targetHints":{"allow":["GET"]}}],"collection":[{"href":"https:\/\/linitiative.ca\/International\/wp-json\/wp\/v2\/posts"}],"about":[{"href":"https:\/\/linitiative.ca\/International\/wp-json\/wp\/v2\/types\/post"}],"author":[{"embeddable":true,"href":"https:\/\/linitiative.ca\/International\/wp-json\/wp\/v2\/users\/1763"}],"replies":[{"embeddable":true,"href":"https:\/\/linitiative.ca\/International\/wp-json\/wp\/v2\/comments?post=83306"}],"version-history":[{"count":0,"href":"https:\/\/linitiative.ca\/International\/wp-json\/wp\/v2\/posts\/83306\/revisions"}],"wp:attachment":[{"href":"https:\/\/linitiative.ca\/International\/wp-json\/wp\/v2\/media?parent=83306"}],"wp:term":[{"taxonomy":"category","embeddable":true,"href":"https:\/\/linitiative.ca\/International\/wp-json\/wp\/v2\/categories?post=83306"},{"taxonomy":"post_tag","embeddable":true,"href":"https:\/\/linitiative.ca\/International\/wp-json\/wp\/v2\/tags?post=83306"}],"curies":[{"name":"wp","href":"https:\/\/api.w.org\/{rel}","templated":true}]}}