{"id":83307,"date":"2020-04-23T14:32:51","date_gmt":"2020-04-23T18:32:51","guid":{"rendered":"https:\/\/linitiative.ca\/International\/article-1061026\/"},"modified":"2020-04-23T14:32:51","modified_gmt":"2020-04-23T18:32:51","slug":"article-1061026","status":"publish","type":"post","link":"https:\/\/linitiative.ca\/International\/article-1061026\/","title":{"rendered":"Article 1061026"},"content":{"rendered":"<div class=\"body\">\n<div class=\"field field-name-body field-type-text-with-summary field-label-hidden\">\n<div class=\"field-items\" readability=\"9.5\">\n<div class=\"field-item even\" property=\"content:encoded\" readability=\"14\">\n<p class=\"rtejustify\">Le chef du gouvernement a re\u00e7u le pr\u00e9sident Northern Africa de Huawei, Jibin Cao accompagn\u00e9 du DG de Huawei Maroc, Guohui Zhao. Les deux parties veulent mutualiser les efforts dans la lutte contre le coronavirus. Ainsi, le groupe chinois a d\u00e9ploy\u00e9 ses solutions technologiques de t\u00e9l\u00e9conf\u00e9rence pour faciliter la communication entre les d\u00e9partements minist\u00e9riels et les intervenants impliqu\u00e9s dans la gestion de la crise du Covid-19. Huawei a \u00e9galement offert au minist\u00e8re de la Sant\u00e9, l\u2019acc\u00e8s gratuit \u00e0 une plateforme d\u2019intelligence artificielle afin d\u2019acc\u00e9l\u00e9rer la phase du diagnostic.<\/p>\n<p class=\"rtejustify\"><em>A.S.<\/em><\/p>\n<\/div>\n<\/div>\n<\/div>\n<\/div>\n<div class=\"eco-conseil\">\n<div class=\"view view-eco-conseil-16 view-id-eco_conseil_16 view-display-id-cookies view-dom-id-eb27c0556eb8450ab394870ed7c4706e\">\n<div class=\"view-content\">\n<div id=\"views-bootstrap-grid-1\" class=\"views-bootstrap-grid-plugin-style\">\n<div class=\"row\">\n<div class=\" col-xs-12 col-lg-4\">\n<div class=\"row\">\n<div class=\"col col-xs-12 col-lg-12\">\n<div class=\"field-content\"><a href=\"\/article\/1061025-salon-des-grandes-ecoles-bilan-de-l-edition-virtuelle\"><img loading=\"lazy\" decoding=\"async\" class=\"img-responsive\" typeof=\"foaf:Image\" src=\"https:\/\/www.leconomiste.com\/sites\/default\/files\/eco7\/public\/styles\/800x400\/public\/default_images\/default_une.jpg?itok=4jZlgnIZ\" width=\"660\" height=\"330\" alt=\"\"\/><\/a><\/div>\n<\/div>\n<div class=\" title_suite_2 col col-xs-12 col-lg-12\"> <a href=\"\/article\/1061025-salon-des-grandes-ecoles-bilan-de-l-edition-virtuelle\"\/><span class=\"field-content\">Salon des grandes \u00e9coles: Bilan de l&rsquo;\u00e9dition virtuelle<\/span><\/div>\n<\/div>\n<\/div>\n<div class=\" col-xs-12 col-lg-4\">\n<div class=\"row\">\n<div class=\"col col-xs-12 col-lg-12\">\n<div class=\"field-content\"><a href=\"\/article\/1061024-une-application-pour-les-livraisons-casablanca\"><img loading=\"lazy\" decoding=\"async\" class=\"img-responsive\" typeof=\"foaf:Image\" src=\"https:\/\/www.leconomiste.com\/sites\/default\/files\/eco7\/public\/styles\/800x400\/public\/default_images\/default_une.jpg?itok=4jZlgnIZ\" width=\"660\" height=\"330\" alt=\"\"\/><\/a><\/div>\n<\/div>\n<div class=\" title_suite_2 col col-xs-12 col-lg-12\"> <a href=\"\/article\/1061024-une-application-pour-les-livraisons-casablanca\"\/><span class=\"field-content\">Une application pour les livraisons \u00e0 Casablanca<\/span><\/div>\n<\/div>\n<\/div>\n<div class=\" col-xs-12 col-lg-4\">\n<div class=\"row\">\n<div class=\"col col-xs-12 col-lg-12\">\n<div class=\"field-content\"><a href=\"\/article\/1061023-application-anticoronavirus-la-cndp-atteste-la-conformite-du-traitement\"><img loading=\"lazy\" decoding=\"async\" class=\"img-responsive\" typeof=\"foaf:Image\" src=\"https:\/\/www.leconomiste.com\/sites\/default\/files\/eco7\/public\/styles\/800x400\/public\/default_images\/default_une.jpg?itok=4jZlgnIZ\" width=\"660\" height=\"330\" alt=\"\"\/><\/a><\/div>\n<\/div>\n<div class=\" title_suite_2 col col-xs-12 col-lg-12\"> <a href=\"\/article\/1061023-application-anticoronavirus-la-cndp-atteste-la-conformite-du-traitement\"\/><span class=\"field-content\">Application anticoronavirus: La CNDP \u00abatteste la conformit\u00e9\u00bb du traitement <\/span><\/div>\n<\/div>\n<\/div>\n<\/div>\n<\/div>\n<\/div>\n<\/div>\n<\/div>\n<p>Auteur: hlafriqi<br \/>\n<a href=\"https:\/\/www.leconomiste.com\/article\/1061026-huawei-offre-ses-solutions-contre-le-covid-au-maroc\">Cliquez ici pour lire l&rsquo;article depuis sa source.<\/a><\/p>\n","protected":false},"excerpt":{"rendered":"<p>Le chef du gouvernement a re\u00e7u le pr\u00e9sident Northern Africa de Huawei, Jibin Cao accompagn\u00e9 du DG de Huawei Maroc, Guohui Zhao. Les deux parties veulent mutualiser les efforts dans la lutte contre le coronavirus. Ainsi, le groupe chinois a d\u00e9ploy\u00e9 ses solutions technologiques de t\u00e9l\u00e9conf\u00e9rence pour faciliter la communication entre les d\u00e9partements minist\u00e9riels et [&hellip;]<\/p>\n","protected":false},"author":1763,"featured_media":0,"comment_status":"closed","ping_status":"closed","sticky":false,"template":"","format":"standard","meta":{"fifu_image_url":"","fifu_image_alt":"","footnotes":""},"categories":[78,54],"tags":[],"class_list":["post-83307","post","type-post","status-publish","format-standard","hentry","category-economie","category-maroc"],"_links":{"self":[{"href":"https:\/\/linitiative.ca\/International\/wp-json\/wp\/v2\/posts\/83307","targetHints":{"allow":["GET"]}}],"collection":[{"href":"https:\/\/linitiative.ca\/International\/wp-json\/wp\/v2\/posts"}],"about":[{"href":"https:\/\/linitiative.ca\/International\/wp-json\/wp\/v2\/types\/post"}],"author":[{"embeddable":true,"href":"https:\/\/linitiative.ca\/International\/wp-json\/wp\/v2\/users\/1763"}],"replies":[{"embeddable":true,"href":"https:\/\/linitiative.ca\/International\/wp-json\/wp\/v2\/comments?post=83307"}],"version-history":[{"count":0,"href":"https:\/\/linitiative.ca\/International\/wp-json\/wp\/v2\/posts\/83307\/revisions"}],"wp:attachment":[{"href":"https:\/\/linitiative.ca\/International\/wp-json\/wp\/v2\/media?parent=83307"}],"wp:term":[{"taxonomy":"category","embeddable":true,"href":"https:\/\/linitiative.ca\/International\/wp-json\/wp\/v2\/categories?post=83307"},{"taxonomy":"post_tag","embeddable":true,"href":"https:\/\/linitiative.ca\/International\/wp-json\/wp\/v2\/tags?post=83307"}],"curies":[{"name":"wp","href":"https:\/\/api.w.org\/{rel}","templated":true}]}}