{"id":83311,"date":"2020-04-24T15:01:38","date_gmt":"2020-04-24T19:01:38","guid":{"rendered":"https:\/\/linitiative.ca\/International\/la-justice-suisse-rejette-les-demandes-de-recusation-de-nasser-al-khelaifi\/"},"modified":"2020-04-24T15:01:38","modified_gmt":"2020-04-24T19:01:38","slug":"la-justice-suisse-rejette-les-demandes-de-recusation-de-nasser-al-khelaifi","status":"publish","type":"post","link":"https:\/\/linitiative.ca\/International\/la-justice-suisse-rejette-les-demandes-de-recusation-de-nasser-al-khelaifi\/","title":{"rendered":"La justice  suisse rejette les demandes de r\u00e9cusation de Nasser al-Khela\u00effi"},"content":{"rendered":"<p class=\"MsoNormal c3\"><span class=\"c2\">La justice suisse a rejet\u00e9 trois demandes de r\u00e9cusation de Nasser Al-Khela\u00effi, patron du groupe de t\u00e9l\u00e9vision beIN Media et pr\u00e9sident du PSG, inculp\u00e9 dans une affaire de corruption li\u00e9e \u00e0 l&rsquo;attribution de droits TV du Mondial de football.<\/span><\/p>\n<p class=\"MsoNormal c3\"><span class=\"c2\">Dans une d\u00e9cision publi\u00e9e mercredi par le Tribunal p\u00e9nal f\u00e9d\u00e9ral, la Cour des plaintes indique avoir rejet\u00e9 les demandes de r\u00e9cusation d\u00e9pos\u00e9es par Nasser al-Khela\u00effi \u00e0 l&rsquo;encontre de deux procureurs f\u00e9d\u00e9raux et une procureure f\u00e9d\u00e9rale assistante.<\/span><\/p>\n<p class=\"MsoNormal c3\"><em><span class=\"c2\">\u00ab\u00a0La demande de r\u00e9cusation est rejet\u00e9e\u00a0\u00bb,<\/span><\/em> <span class=\"c4\">a conclu la Cour des plaintes dans un arr\u00eat rendu le 24 mars. Cet arr\u00eat explique que Nasser al-Khela\u00effi a demand\u00e9 la r\u00e9cusation des trois membres du Minist\u00e8re public de la Conf\u00e9d\u00e9ration (MPC, parquet f\u00e9d\u00e9ral) en faisant notamment valoir que <em>\u00ab\u00a0l&rsquo;audience du 6 d\u00e9cembre 2019 ne lui aurait pas laiss\u00e9 assez de temps pour aborder tous les points qu&rsquo;il souhaitait\u00a0\u00bb.<\/em><\/span><\/p>\n<p class=\"MsoNormal c3\"><span class=\"c2\">Il reproche aussi au parquet f\u00e9d\u00e9ral de n'\u00a0\u00bbavoir pas d\u00e9sign\u00e9 d&rsquo;expert judiciaire ind\u00e9pendant et neutre concernant la concurrence sur le march\u00e9 des droits concern\u00e9s par la proc\u00e9dure p\u00e9nale\u00a0\u00bb et estime que <em>\u00ab\u00a0les \u00e9l\u00e9ments de preuve<\/em> \u00e0 d\u00e9charges offerts spontan\u00e9ment par la d\u00e9fense n&rsquo;auraient pas \u00e9t\u00e9 pris en compte\u00a0\u00bb.<\/span><\/p>\n<p class=\"MsoNormal c3\"><span class=\"c2\">La Cour des plaintes a balay\u00e9 ces accusations, assurant notamment que \u00ab\u00a0tant le requ\u00e9rant que son d\u00e9fenseur ont eu l&rsquo;occasion de s&rsquo;exprimer sur les faits et reproches formul\u00e9s\u00a0\u00bb.<\/span><\/p>\n<p class=\"MsoNormal c3\"><span class=\"c2\">Nasser al-Khela\u00effi est poursuivi par le parquet f\u00e9d\u00e9ral \u00ab\u00a0dans le contexte de l&rsquo;attribution de droits m\u00e9diatiques de diff\u00e9rentes Coupes du monde de football et Coupes des Conf\u00e9d\u00e9rations\u00a0\u00bb. Le dirigeant qatarien a en revanche trouv\u00e9 un accord amiable avec la FIFA, qui a par cons\u00e9quent retir\u00e9 sa plainte pour corruption contre lui.<\/span><\/p>\n<p class=\"MsoNormal c3\"><span class=\"c2\">L&rsquo;ancien num\u00e9ro 2 de la FIFA J\u00e9r\u00f4me Valcke a \u00e9t\u00e9 inculp\u00e9 dans le m\u00eame dossier pour <em>\u00ab\u00a0corruption passive, gestion d\u00e9loyale multiple et qualifi\u00e9e et faux dans les titres\u00a0\u00bb. Al-Khela\u00effi et un troisi\u00e8me homme, actif dans le domaine des droits sportifs mais dont la justice suisse ne donne pas le nom, sont eux accus\u00e9s d'\u00a0\u00bbinstigation \u00e0 la gestion d\u00e9loyale qualifi\u00e9e commise\u00a0\u00bb<\/em> par l&rsquo;ancien secr\u00e9taire g\u00e9n\u00e9ral de la FIFA. Ce troisi\u00e8me homme, non nomm\u00e9, est aussi accus\u00e9 de \u00ab\u00a0<em>corruption active\u00a0\u00bb.<\/em><\/span><\/p>\n<p class=\"MsoNormal c6\"><span class=\"c5\">Selon le MPC, J\u00e9r\u00f4me Valcke, ancien bras droit de Sepp Blatter, a, entre 2013 et 2015, fait usage de son influence pour orienter \u00ab\u00a0en faveur de partenaires m\u00e9diatiques de sa pr\u00e9f\u00e9rence les processus d&rsquo;attribution de droits m\u00e9diatiques, pour l&rsquo;Italie et la Gr\u00e8ce, de diff\u00e9rentes Coupes du monde de football et Coupes des Conf\u00e9d\u00e9rations de la FIFA dans la p\u00e9riode de 2018 \u00e0 2030\u00a0\u00bb. Selon le MPC, Valcke a obtenu des avantages indus des deux co-accus\u00e9s.<\/span><\/p>\n<p>Auteur: letemps1<br \/>\n<a href=\"http:\/\/www.letemps.com.tn\/article\/113215\/la-justice-suisse-rejette-les-demandes-de-r%C3%A9cusation-de-nasser-al-khela%C3%AFfi\">Cliquez ici pour lire l&rsquo;article depuis sa source.<\/a><\/p>\n","protected":false},"excerpt":{"rendered":"<p>La justice suisse a rejet\u00e9 trois demandes de r\u00e9cusation de Nasser Al-Khela\u00effi, patron du groupe de t\u00e9l\u00e9vision beIN Media et pr\u00e9sident du PSG, inculp\u00e9 dans une affaire de corruption li\u00e9e \u00e0 l&rsquo;attribution de droits TV du Mondial de football. Dans une d\u00e9cision publi\u00e9e mercredi par le Tribunal p\u00e9nal f\u00e9d\u00e9ral, la Cour des plaintes indique avoir [&hellip;]<\/p>\n","protected":false},"author":1773,"featured_media":0,"comment_status":"closed","ping_status":"closed","sticky":false,"template":"","format":"standard","meta":{"fifu_image_url":"","fifu_image_alt":"","footnotes":""},"categories":[73,55],"tags":[],"class_list":["post-83311","post","type-post","status-publish","format-standard","hentry","category-actualite","category-tunisie"],"_links":{"self":[{"href":"https:\/\/linitiative.ca\/International\/wp-json\/wp\/v2\/posts\/83311","targetHints":{"allow":["GET"]}}],"collection":[{"href":"https:\/\/linitiative.ca\/International\/wp-json\/wp\/v2\/posts"}],"about":[{"href":"https:\/\/linitiative.ca\/International\/wp-json\/wp\/v2\/types\/post"}],"author":[{"embeddable":true,"href":"https:\/\/linitiative.ca\/International\/wp-json\/wp\/v2\/users\/1773"}],"replies":[{"embeddable":true,"href":"https:\/\/linitiative.ca\/International\/wp-json\/wp\/v2\/comments?post=83311"}],"version-history":[{"count":0,"href":"https:\/\/linitiative.ca\/International\/wp-json\/wp\/v2\/posts\/83311\/revisions"}],"wp:attachment":[{"href":"https:\/\/linitiative.ca\/International\/wp-json\/wp\/v2\/media?parent=83311"}],"wp:term":[{"taxonomy":"category","embeddable":true,"href":"https:\/\/linitiative.ca\/International\/wp-json\/wp\/v2\/categories?post=83311"},{"taxonomy":"post_tag","embeddable":true,"href":"https:\/\/linitiative.ca\/International\/wp-json\/wp\/v2\/tags?post=83311"}],"curies":[{"name":"wp","href":"https:\/\/api.w.org\/{rel}","templated":true}]}}