{"id":83317,"date":"2020-04-24T15:11:39","date_gmt":"2020-04-24T19:11:39","guid":{"rendered":"https:\/\/linitiative.ca\/International\/international-le-championnat-des-pays-bas-officiellement-annule-et-lajax-ne-sera-pas-titre\/"},"modified":"2020-04-24T15:11:39","modified_gmt":"2020-04-24T19:11:39","slug":"international-le-championnat-des-pays-bas-officiellement-annule-et-lajax-ne-sera-pas-titre","status":"publish","type":"post","link":"https:\/\/linitiative.ca\/International\/international-le-championnat-des-pays-bas-officiellement-annule-et-lajax-ne-sera-pas-titre\/","title":{"rendered":"International : Le championnat des Pays-Bas officiellement annul\u00e9 et l&rsquo;Ajax ne sera pas titr\u00e9"},"content":{"rendered":"<div readability=\"32\">\n<p>Auteur : <span class=\"time\">vendredi 24 avril 2020 18:14<\/span><\/p>\n<\/div>\n<div id=\"post_core\" readability=\"48\">\n<p>La f\u00e9d\u00e9ration n\u00e9erlandaise de football (KNVB) a officialis\u00e9 ce vendredi l&rsquo;arr\u00eat d\u00e9finitif du championnat en raison de l&rsquo;\u00e9pid\u00e9mie de coronavirus. Une d\u00e9cision qui fait suite \u00e0 l\u2019interdiction du Premier Ministre, Mark Rutte, de reprendre le football professionnel avant septembre comme le rappelle Maxifoot.<\/p>\n<p>Cons\u00e9quences : l&rsquo;Ajax Amsterdam, qui occupait la place de leader avant la coupure, ne sera pas sacr\u00e9 champion. Le club de la capitale est toutefois directement qualifi\u00e9 pour la prochaine Ligue des Champions, tandis que l&rsquo;AZ Alkmaar, 2e, disputera les barrages de la C1. La KNVB a pr\u00e9cis\u00e9 qu&rsquo;il n&rsquo;y aura ni de rel\u00e9gation, ni de promotion.<\/p>\n<p><strong>Publi\u00e9 dans :<\/strong> <span>Pays-Bas<\/span><\/p>\n<\/div>\n<p>Auteur:<br \/>\n<a href=\"http:\/\/www.lebuteur.com\/article\/detail?titre=le-championnat-des-pays-bas-officiellement-annule-et-lajax-ne-sera-pas-titre&#038;id=95722&#038;utm_source=feedburner&#038;utm_medium=feed&#038;utm_campaign=Feed%3A+GalerieFArtciles+%28Les+derniers+articles++-+lebuteur.com%29\">Cliquez ici pour lire l&rsquo;article depuis sa source.<\/a><\/p>\n","protected":false},"excerpt":{"rendered":"<p>Auteur : vendredi 24 avril 2020 18:14 La f\u00e9d\u00e9ration n\u00e9erlandaise de football (KNVB) a officialis\u00e9 ce vendredi l&rsquo;arr\u00eat d\u00e9finitif du championnat en raison de l&rsquo;\u00e9pid\u00e9mie de coronavirus. Une d\u00e9cision qui fait suite \u00e0 l\u2019interdiction du Premier Ministre, Mark Rutte, de reprendre le football professionnel avant septembre comme le rappelle Maxifoot. Cons\u00e9quences : l&rsquo;Ajax Amsterdam, qui [&hellip;]<\/p>\n","protected":false},"author":1738,"featured_media":83318,"comment_status":"closed","ping_status":"closed","sticky":false,"template":"","format":"standard","meta":{"fifu_image_url":"","fifu_image_alt":"","footnotes":""},"categories":[53,75],"tags":[],"class_list":["post-83317","post","type-post","status-publish","format-standard","has-post-thumbnail","hentry","category-algerie","category-sport"],"_links":{"self":[{"href":"https:\/\/linitiative.ca\/International\/wp-json\/wp\/v2\/posts\/83317","targetHints":{"allow":["GET"]}}],"collection":[{"href":"https:\/\/linitiative.ca\/International\/wp-json\/wp\/v2\/posts"}],"about":[{"href":"https:\/\/linitiative.ca\/International\/wp-json\/wp\/v2\/types\/post"}],"author":[{"embeddable":true,"href":"https:\/\/linitiative.ca\/International\/wp-json\/wp\/v2\/users\/1738"}],"replies":[{"embeddable":true,"href":"https:\/\/linitiative.ca\/International\/wp-json\/wp\/v2\/comments?post=83317"}],"version-history":[{"count":0,"href":"https:\/\/linitiative.ca\/International\/wp-json\/wp\/v2\/posts\/83317\/revisions"}],"wp:featuredmedia":[{"embeddable":true,"href":"https:\/\/linitiative.ca\/International\/wp-json\/"}],"wp:attachment":[{"href":"https:\/\/linitiative.ca\/International\/wp-json\/wp\/v2\/media?parent=83317"}],"wp:term":[{"taxonomy":"category","embeddable":true,"href":"https:\/\/linitiative.ca\/International\/wp-json\/wp\/v2\/categories?post=83317"},{"taxonomy":"post_tag","embeddable":true,"href":"https:\/\/linitiative.ca\/International\/wp-json\/wp\/v2\/tags?post=83317"}],"curies":[{"name":"wp","href":"https:\/\/api.w.org\/{rel}","templated":true}]}}