{"id":83323,"date":"2020-04-24T15:16:34","date_gmt":"2020-04-24T19:16:34","guid":{"rendered":"https:\/\/linitiative.ca\/International\/accompagnement-des-associations-actives-sur-le-terrain-les-veterans-des-sma-saluent-les-mesures-du-president-tebboune\/"},"modified":"2020-04-24T15:16:34","modified_gmt":"2020-04-24T19:16:34","slug":"accompagnement-des-associations-actives-sur-le-terrain-les-veterans-des-sma-saluent-les-mesures-du-president-tebboune","status":"publish","type":"post","link":"https:\/\/linitiative.ca\/International\/accompagnement-des-associations-actives-sur-le-terrain-les-veterans-des-sma-saluent-les-mesures-du-president-tebboune\/","title":{"rendered":"Accompagnement  des associations actives sur le terrain  : Les v\u00e9t\u00e9rans des SMA saluent les mesures du  Pr\u00e9sident Tebboune"},"content":{"rendered":"<div class=\"TxArtcile\" readability=\"16\">\n<p>Les v\u00e9t\u00e9rans des Scouts musulmans alg\u00e9riens (SMA) ont salu\u00e9, mercredi dernier, les mesures prises par le Pr\u00e9sident de la R\u00e9publique, Abdelmadjid Tebboune, pour accompagner les associations qui activent sur le terrain et son attachement \u00e0 instaurer une soci\u00e9t\u00e9 civile \u00abforte\u00bb, indique un communiqu\u00e9 de l\u2019association.<br \/>L\u2019association a mis en avant \u00abl\u2019int\u00e9r\u00eat\u00bb accord\u00e9 par<br \/>le pr\u00e9sident de la R\u00e9publique \u00e0 la soci\u00e9t\u00e9 civile et aux associations lors de la derni\u00e8re r\u00e9union du Conseil des ministres, saluant son attachement \u00e0 \u00abpromouvoir\u00bb le travail associatif et le b\u00e9n\u00e9volat et \u00e0 instaurer une soci\u00e9t\u00e9 civile \u00abforte\u00bb qui s\u2019implique \u00abdavantage<br \/>et de mani\u00e8re plus efficace\u00bb<br \/>aupr\u00e8s du peuple dans divers domaines.<br \/>\u00a0<\/p>\n<\/div>\n<div class=\"ModliArtilUne\">\n<ul>\n<li><strong>Publi\u00e9 dans :<\/strong><\/li>\n<\/ul>\n<\/div>\n<div class=\"MbComIns\" id=\"newcom\" readability=\"5.69402985075\">\n<h6>DONNEZ VOTRE AVIS<\/h6>\n<p>Il n&rsquo;y a actuellement aucune r\u00e9action \u00e0 cette information. Soyez le premier \u00e0 r\u00e9agir !<\/p>\n<p><a href=\"\" rel=\"#popup\" class=\"login resetbutton\">Identifiez-vous<\/a><a class=\"button\" href=\"http:\/\/www.elmoudjahid.com\/fr\/inscription\/\"><span>S&rsquo;inscrire<\/span><\/a><\/p>\n<\/div>\n<p>Auteur: elmoudjahid<br \/>\n<a href=\"http:\/\/www.elmoudjahid.com\/fr\/actualites\/152114\">Cliquez ici pour lire l&rsquo;article depuis sa source.<\/a><\/p>\n","protected":false},"excerpt":{"rendered":"<p>Les v\u00e9t\u00e9rans des Scouts musulmans alg\u00e9riens (SMA) ont salu\u00e9, mercredi dernier, les mesures prises par le Pr\u00e9sident de la R\u00e9publique, Abdelmadjid Tebboune, pour accompagner les associations qui activent sur le terrain et son attachement \u00e0 instaurer une soci\u00e9t\u00e9 civile \u00abforte\u00bb, indique un communiqu\u00e9 de l\u2019association.L\u2019association a mis en avant \u00abl\u2019int\u00e9r\u00eat\u00bb accord\u00e9 parle pr\u00e9sident de la [&hellip;]<\/p>\n","protected":false},"author":1744,"featured_media":0,"comment_status":"closed","ping_status":"closed","sticky":false,"template":"","format":"standard","meta":{"fifu_image_url":"","fifu_image_alt":"","footnotes":""},"categories":[73,53],"tags":[],"class_list":["post-83323","post","type-post","status-publish","format-standard","hentry","category-actualite","category-algerie"],"_links":{"self":[{"href":"https:\/\/linitiative.ca\/International\/wp-json\/wp\/v2\/posts\/83323","targetHints":{"allow":["GET"]}}],"collection":[{"href":"https:\/\/linitiative.ca\/International\/wp-json\/wp\/v2\/posts"}],"about":[{"href":"https:\/\/linitiative.ca\/International\/wp-json\/wp\/v2\/types\/post"}],"author":[{"embeddable":true,"href":"https:\/\/linitiative.ca\/International\/wp-json\/wp\/v2\/users\/1744"}],"replies":[{"embeddable":true,"href":"https:\/\/linitiative.ca\/International\/wp-json\/wp\/v2\/comments?post=83323"}],"version-history":[{"count":0,"href":"https:\/\/linitiative.ca\/International\/wp-json\/wp\/v2\/posts\/83323\/revisions"}],"wp:attachment":[{"href":"https:\/\/linitiative.ca\/International\/wp-json\/wp\/v2\/media?parent=83323"}],"wp:term":[{"taxonomy":"category","embeddable":true,"href":"https:\/\/linitiative.ca\/International\/wp-json\/wp\/v2\/categories?post=83323"},{"taxonomy":"post_tag","embeddable":true,"href":"https:\/\/linitiative.ca\/International\/wp-json\/wp\/v2\/tags?post=83323"}],"curies":[{"name":"wp","href":"https:\/\/api.w.org\/{rel}","templated":true}]}}