{"id":83326,"date":"2020-04-24T15:16:44","date_gmt":"2020-04-24T19:16:44","guid":{"rendered":"https:\/\/linitiative.ca\/International\/enseignement-artistique-lancement-dune-formation-en-ligne\/"},"modified":"2020-04-24T15:16:44","modified_gmt":"2020-04-24T19:16:44","slug":"enseignement-artistique-lancement-dune-formation-en-ligne","status":"publish","type":"post","link":"https:\/\/linitiative.ca\/International\/enseignement-artistique-lancement-dune-formation-en-ligne\/","title":{"rendered":"Enseignement artistique :  Lancement d&rsquo;une formation en ligne"},"content":{"rendered":"<div class=\"TxArtcile\" readability=\"18\">\n<p>Des cours de formation dans diverses disciplines artistiques ont \u00e9t\u00e9 mis en ligne en compl\u00e9ment de la formation dans les instituts d\u2019art ferm\u00e9s \u00e0 cause de l&rsquo;\u00e9pid\u00e9mie du nouveau coronavirus, a indiqu\u00e9 le Secr\u00e9tariat d\u2019Etat charg\u00e9 de la production culturelle dans un communiqu\u00e9.<br \/>Premi\u00e8re exp\u00e9rience en Alg\u00e9rie, ces \u00ab\u00a0master-home\u00a0\u00bb visent \u00e0 dispenser des cours de formation artistique \u00e0 distance au profit des \u00e9tudiants d&rsquo;instituts d&rsquo;arts nationaux et r\u00e9gionaux, qui pourront acc\u00e9der \u00e0 des \u00ab\u00a0contenus p\u00e9dagogiques audiovisuels pr\u00e9sent\u00e9s par des enseignants et artistes professionnels\u00a0\u00bb, indique le communiqu\u00e9.<br \/>Outre les \u00e9tudiants des \u00e9coles et instituts publics, les \u00e9l\u00e8ves issus des instituts, associations culturelles et \u00e9coles priv\u00e9es et autres amateurs int\u00e9ress\u00e9s par les arts et la culture peuvent aussi acc\u00e9der \u00e0 ces contenus.<br \/>Cette initiative s\u2019inscrit dans le cadre de \u00ab\u00a0la mise en \u0153uvre du plan d&rsquo;action\u00a0\u00bb pour promouvoir la formation artistique et encourager la production culturelle dans l\u2019espace num\u00e9rique et interactif, entre autres, ajoute-t-on.<br \/>Les premiers cours de master-home d\u00e9di\u00e9s aux instruments de musique ont d\u00e9j\u00e0 \u00e9t\u00e9 mis en ligne alors que d&rsquo;autres contenus p\u00e9dagogiques devront \u00eatre publi\u00e9s sur la cha\u00eene Youtube et la page Facebook du Secr\u00e9tariat d&rsquo;Etat charg\u00e9 de la production culturelle ainsi que sur le site web du minist\u00e8re de la Culture.<\/p>\n<\/div>\n<div class=\"ModliArtilUne\">\n<ul>\n<li><strong>Publi\u00e9 dans :<\/strong><\/li>\n<\/ul>\n<\/div>\n<div class=\"MbComIns\" id=\"newcom\" readability=\"5.69402985075\">\n<h6>DONNEZ VOTRE AVIS<\/h6>\n<p>Il n&rsquo;y a actuellement aucune r\u00e9action \u00e0 cette information. Soyez le premier \u00e0 r\u00e9agir !<\/p>\n<p><a href=\"\" rel=\"#popup\" class=\"login resetbutton\">Identifiez-vous<\/a><a class=\"button\" href=\"http:\/\/www.elmoudjahid.com\/fr\/inscription\/\"><span>S&rsquo;inscrire<\/span><\/a><\/p>\n<\/div>\n<p>Auteur: elmoudjahid<br \/>\n<a href=\"http:\/\/www.elmoudjahid.com\/fr\/actualites\/152117\">Cliquez ici pour lire l&rsquo;article depuis sa source.<\/a><\/p>\n","protected":false},"excerpt":{"rendered":"<p>Des cours de formation dans diverses disciplines artistiques ont \u00e9t\u00e9 mis en ligne en compl\u00e9ment de la formation dans les instituts d\u2019art ferm\u00e9s \u00e0 cause de l&rsquo;\u00e9pid\u00e9mie du nouveau coronavirus, a indiqu\u00e9 le Secr\u00e9tariat d\u2019Etat charg\u00e9 de la production culturelle dans un communiqu\u00e9.Premi\u00e8re exp\u00e9rience en Alg\u00e9rie, ces \u00ab\u00a0master-home\u00a0\u00bb visent \u00e0 dispenser des cours de formation [&hellip;]<\/p>\n","protected":false},"author":1744,"featured_media":0,"comment_status":"closed","ping_status":"closed","sticky":false,"template":"","format":"standard","meta":{"fifu_image_url":"","fifu_image_alt":"","footnotes":""},"categories":[73,53],"tags":[],"class_list":["post-83326","post","type-post","status-publish","format-standard","hentry","category-actualite","category-algerie"],"_links":{"self":[{"href":"https:\/\/linitiative.ca\/International\/wp-json\/wp\/v2\/posts\/83326","targetHints":{"allow":["GET"]}}],"collection":[{"href":"https:\/\/linitiative.ca\/International\/wp-json\/wp\/v2\/posts"}],"about":[{"href":"https:\/\/linitiative.ca\/International\/wp-json\/wp\/v2\/types\/post"}],"author":[{"embeddable":true,"href":"https:\/\/linitiative.ca\/International\/wp-json\/wp\/v2\/users\/1744"}],"replies":[{"embeddable":true,"href":"https:\/\/linitiative.ca\/International\/wp-json\/wp\/v2\/comments?post=83326"}],"version-history":[{"count":0,"href":"https:\/\/linitiative.ca\/International\/wp-json\/wp\/v2\/posts\/83326\/revisions"}],"wp:attachment":[{"href":"https:\/\/linitiative.ca\/International\/wp-json\/wp\/v2\/media?parent=83326"}],"wp:term":[{"taxonomy":"category","embeddable":true,"href":"https:\/\/linitiative.ca\/International\/wp-json\/wp\/v2\/categories?post=83326"},{"taxonomy":"post_tag","embeddable":true,"href":"https:\/\/linitiative.ca\/International\/wp-json\/wp\/v2\/tags?post=83326"}],"curies":[{"name":"wp","href":"https:\/\/api.w.org\/{rel}","templated":true}]}}