{"id":83327,"date":"2020-04-24T15:16:47","date_gmt":"2020-04-24T19:16:47","guid":{"rendered":"https:\/\/linitiative.ca\/International\/antiviral-remdesivir-echec-dun-essai-clinique\/"},"modified":"2020-04-24T15:16:47","modified_gmt":"2020-04-24T19:16:47","slug":"antiviral-remdesivir-echec-dun-essai-clinique","status":"publish","type":"post","link":"https:\/\/linitiative.ca\/International\/antiviral-remdesivir-echec-dun-essai-clinique\/","title":{"rendered":"antiviral remdesivir : \u00e9chec d\u2019un essai clinique"},"content":{"rendered":"<p>Un r\u00e9sum\u00e9 des r\u00e9sultats de l&rsquo;essai clinique a \u00e9t\u00e9 publi\u00e9, avant d&rsquo;\u00eatre retir\u00e9, sur le site de l&rsquo;Organisation mondiale de la Sant\u00e9 (OMS), d&rsquo;apr\u00e8s le quotidien britannique.<\/p>\n<p>De nombreux essais sont en cours sur le remdesivir, ainsi que sur d&rsquo;autres m\u00e9dicaments, mais la nouvelle de l&rsquo;\u00e9chec de cet essai est un coup dur pour la communaut\u00e9 scientifique, qui fondait beaucoup d&rsquo;espoir sur cet antiviral en attendant un vaccin contre le Covid-19, pas avant l&rsquo;an prochain.<\/p>\n<p>Ces r\u00e9sultats d\u00e9cevants interviennent \u00e9galement au moment o\u00f9 de nombreux pays planchent sur leurs sc\u00e9narios de d\u00e9confinement, ce qui ne serait pas de nature \u00e0 rassurer les populations. L&rsquo;essai chinois a montr\u00e9 que \u00able remdesivir (&#8230;) n&rsquo;am\u00e9liore pas l&rsquo;\u00e9tat des malades et ne r\u00e9duit pas la pr\u00e9sence de l&rsquo;agent pathog\u00e8ne dans le syst\u00e8me sanguin\u00bb, affirme le FT, citant le document publi\u00e9 sur le site de l&rsquo;OMS.<\/p>\n<p>L&rsquo;OMS a indiqu\u00e9 au site sp\u00e9cialis\u00e9 Stat que l&rsquo;\u00e9tude avait \u00e9t\u00e9 publi\u00e9e par erreur sur le site avant d&rsquo;avoir \u00e9t\u00e9 \u00e9valu\u00e9e par un comit\u00e9 de lecture.<\/p>\n<p>Outre la Chine, le remdesivir est \u00e9galement dans la phase des essais cliniques aux Etats-Unis et en Europe dans le grand essai Discovery. Les r\u00e9sultats sont attendus prochainement.<\/p>\n<p>Auteur: elmoudjahid<br \/>\n<a href=\"http:\/\/www.elmoudjahid.com\/fr\/actualites\/152118\">Cliquez ici pour lire l&rsquo;article depuis sa source.<\/a><\/p>\n","protected":false},"excerpt":{"rendered":"<p>Un r\u00e9sum\u00e9 des r\u00e9sultats de l&rsquo;essai clinique a \u00e9t\u00e9 publi\u00e9, avant d&rsquo;\u00eatre retir\u00e9, sur le site de l&rsquo;Organisation mondiale de la Sant\u00e9 (OMS), d&rsquo;apr\u00e8s le quotidien britannique. De nombreux essais sont en cours sur le remdesivir, ainsi que sur d&rsquo;autres m\u00e9dicaments, mais la nouvelle de l&rsquo;\u00e9chec de cet essai est un coup dur pour la [&hellip;]<\/p>\n","protected":false},"author":1744,"featured_media":0,"comment_status":"closed","ping_status":"closed","sticky":false,"template":"","format":"standard","meta":{"fifu_image_url":"","fifu_image_alt":"","footnotes":""},"categories":[73,53],"tags":[],"class_list":["post-83327","post","type-post","status-publish","format-standard","hentry","category-actualite","category-algerie"],"_links":{"self":[{"href":"https:\/\/linitiative.ca\/International\/wp-json\/wp\/v2\/posts\/83327","targetHints":{"allow":["GET"]}}],"collection":[{"href":"https:\/\/linitiative.ca\/International\/wp-json\/wp\/v2\/posts"}],"about":[{"href":"https:\/\/linitiative.ca\/International\/wp-json\/wp\/v2\/types\/post"}],"author":[{"embeddable":true,"href":"https:\/\/linitiative.ca\/International\/wp-json\/wp\/v2\/users\/1744"}],"replies":[{"embeddable":true,"href":"https:\/\/linitiative.ca\/International\/wp-json\/wp\/v2\/comments?post=83327"}],"version-history":[{"count":0,"href":"https:\/\/linitiative.ca\/International\/wp-json\/wp\/v2\/posts\/83327\/revisions"}],"wp:attachment":[{"href":"https:\/\/linitiative.ca\/International\/wp-json\/wp\/v2\/media?parent=83327"}],"wp:term":[{"taxonomy":"category","embeddable":true,"href":"https:\/\/linitiative.ca\/International\/wp-json\/wp\/v2\/categories?post=83327"},{"taxonomy":"post_tag","embeddable":true,"href":"https:\/\/linitiative.ca\/International\/wp-json\/wp\/v2\/tags?post=83327"}],"curies":[{"name":"wp","href":"https:\/\/api.w.org\/{rel}","templated":true}]}}