{"id":83331,"date":"2020-04-24T12:29:00","date_gmt":"2020-04-24T16:29:00","guid":{"rendered":"https:\/\/linitiative.ca\/International\/dakious-makious-interdits-de-diffusion\/"},"modified":"2020-04-24T12:29:00","modified_gmt":"2020-04-24T16:29:00","slug":"dakious-makious-interdits-de-diffusion","status":"publish","type":"post","link":"https:\/\/linitiative.ca\/International\/dakious-makious-interdits-de-diffusion\/","title":{"rendered":"Dakious &amp; Makious interdits de diffusion"},"content":{"rendered":"<p><br id=\"sep_para_1\" class=\"sep_para access\"\/><\/p>\n<div id=\"para_1\" class=\"para_36640730 resize\">\n<div class=\"texte access firstletter\">\u00a0Triste nouvelle d\u00e8s le premier jour du Ramadhan. La c\u00e9l\u00e8bre s\u00e9rie humoristique Dakious &amp; Makious, le feuilleton ramadanesque le plus regard\u00e9 sur les t\u00e9l\u00e9visions alg\u00e9riennes, aurait \u00e9t\u00e9 interdite de diffusion pendant ce mois sacr\u00e9,\u00a0 affirment Nabil Asli et Nassim Hadouche, les deux personnages principaux de cette c\u00e9l\u00e8bre s\u00e9rie humoristique.\u00a0 Ces derniers ont annonc\u00e9 cette triste nouvelle dans une vid\u00e9o qui a \u00e9t\u00e9 diffus\u00e9e jeudi soir sur les r\u00e9seaux sociaux. Les deux artistes, tr\u00e8s aim\u00e9es et suivies par des millions d&rsquo;Alg\u00e9riens, ont annonc\u00e9 clairement que la 3e saison de la s\u00e9rie Dakious &amp; Makious a \u00e9t\u00e9 censur\u00e9e et retir\u00e9e de la grille des programmes de la cha\u00eene de t\u00e9l\u00e9vision Echorouk TV. Selon les deux acteurs, aucune raison ou motif officiel n&rsquo;a \u00e9t\u00e9 avanc\u00e9 par les autorit\u00e9s alg\u00e9riennes pour justifier cette censure in\u00e9dite. Nabil Asli et Nassim Hadoucue expliquent dans leur vid\u00e9o qu&rsquo;il n&rsquo;y a aucun communiqu\u00e9 officiel expliquant cette d\u00e9cision de censure qui les surprend grandement. \u00ab\u00a0Nous n&rsquo;avons jamais voulu faire de la politique. Notre seul souci \u00e9tait de faire rire les Alg\u00e9riens et de leur donner un peu de bonheur face \u00e0 ce quotidien pesant qui caract\u00e9rise actuellement notre pays\u00a0\u00bb, relate \u00e0 ce sujet l&rsquo;acteur Nabil Asli d&rsquo;apr\u00e8s lequel de nombreuses rumeurs ont \u00e9t\u00e9 propag\u00e9es pour suspendre leur feuilleton. \u00ab\u00a0Des rumeurs malveillantes ont voulu faire croire que nous avons caricatur\u00e9 le pr\u00e9sident Tebboune. D&rsquo;autres rumeurs affirment que nous politisons nos sketchs. C&rsquo;est faux. Nous avons commenc\u00e9 le tournage 6 mois avant la tenue des \u00e9lections pr\u00e9sidentielles du 12 d\u00e9cembre 2019. Nous avons tourn\u00e9 20 \u00e9pisodes qui n&rsquo;ont aucune relation avec les r\u00e9cents \u00e9v\u00e8nements politiques de notre pays\u00a0\u00bb, expliquent encore les deux artistes tr\u00e8s touch\u00e9s et boulevers\u00e9s par cette d\u00e9cision de censure.<\/div>\n<\/div>\n<p>Auteur: R\u00e9flexion<br \/>\n<a href=\"https:\/\/www.reflexiondz.net\/Dakious-Makious-interdits-de-diffusion_a62230.html\">Cliquez ici pour lire l&rsquo;article depuis sa source.<\/a><\/p>\n","protected":false},"excerpt":{"rendered":"<p>\u00a0Triste nouvelle d\u00e8s le premier jour du Ramadhan. La c\u00e9l\u00e8bre s\u00e9rie humoristique Dakious &amp; Makious, le feuilleton ramadanesque le plus regard\u00e9 sur les t\u00e9l\u00e9visions alg\u00e9riennes, aurait \u00e9t\u00e9 interdite de diffusion pendant ce mois sacr\u00e9,\u00a0 affirment Nabil Asli et Nassim Hadouche, les deux personnages principaux de cette c\u00e9l\u00e8bre s\u00e9rie humoristique.\u00a0 Ces derniers ont annonc\u00e9 cette triste [&hellip;]<\/p>\n","protected":false},"author":1740,"featured_media":0,"comment_status":"closed","ping_status":"closed","sticky":false,"template":"","format":"standard","meta":{"fifu_image_url":"","fifu_image_alt":"","footnotes":""},"categories":[53,76],"tags":[],"class_list":["post-83331","post","type-post","status-publish","format-standard","hentry","category-algerie","category-regions"],"_links":{"self":[{"href":"https:\/\/linitiative.ca\/International\/wp-json\/wp\/v2\/posts\/83331","targetHints":{"allow":["GET"]}}],"collection":[{"href":"https:\/\/linitiative.ca\/International\/wp-json\/wp\/v2\/posts"}],"about":[{"href":"https:\/\/linitiative.ca\/International\/wp-json\/wp\/v2\/types\/post"}],"author":[{"embeddable":true,"href":"https:\/\/linitiative.ca\/International\/wp-json\/wp\/v2\/users\/1740"}],"replies":[{"embeddable":true,"href":"https:\/\/linitiative.ca\/International\/wp-json\/wp\/v2\/comments?post=83331"}],"version-history":[{"count":0,"href":"https:\/\/linitiative.ca\/International\/wp-json\/wp\/v2\/posts\/83331\/revisions"}],"wp:attachment":[{"href":"https:\/\/linitiative.ca\/International\/wp-json\/wp\/v2\/media?parent=83331"}],"wp:term":[{"taxonomy":"category","embeddable":true,"href":"https:\/\/linitiative.ca\/International\/wp-json\/wp\/v2\/categories?post=83331"},{"taxonomy":"post_tag","embeddable":true,"href":"https:\/\/linitiative.ca\/International\/wp-json\/wp\/v2\/tags?post=83331"}],"curies":[{"name":"wp","href":"https:\/\/api.w.org\/{rel}","templated":true}]}}