{"id":83333,"date":"2020-04-24T12:29:00","date_gmt":"2020-04-24T16:29:00","guid":{"rendered":"https:\/\/linitiative.ca\/International\/le-ministre-de-la-communication-repond-a-rsf\/"},"modified":"2020-04-24T12:29:00","modified_gmt":"2020-04-24T16:29:00","slug":"le-ministre-de-la-communication-repond-a-rsf","status":"publish","type":"post","link":"https:\/\/linitiative.ca\/International\/le-ministre-de-la-communication-repond-a-rsf\/","title":{"rendered":"Le ministre de la  communication r\u00e9pond \u00e0 RSF"},"content":{"rendered":"<p><br id=\"sep_para_1\" class=\"sep_para access\"\/><\/p>\n<div id=\"para_1\" class=\"para_36640736 resize\">\n<div class=\"texte access firstletter\">Le complexe sid\u00e9rurgique alg\u00e9ro-turc Tosyali Alg\u00e9rie, bas\u00e9 \u00e0 Bethioua dans la wilaya d\u2019Oran, a annonc\u00e9 avoir fait don de 5 millions de masques m\u00e9dicaux aux pouvoirs publics,\u00a0 et ce, dans le cadre de l\u2019effort national de lutte contre la pand\u00e9mie du coronavirus (covid-19). Selon la m\u00eame source, ces masques r\u00e9pondant aux normes, qui ont \u00e9t\u00e9 achemin\u00e9s de Chine par avion militaire. Confirmant une information rapport\u00e9e mardi par El Watan, Tosyali Alg\u00e9rie a soulign\u00e9 que c\u2019est la plus importante aide re\u00e7ue par l\u2019Alg\u00e9rie depuis le d\u00e9but de la pand\u00e9mie. Selon la m\u00eame source, elle est attendue l\u2019arriv\u00e9e dans quelques jours en provenance de Chine, de 100 000 tests m\u00e9dicaux, offerts \u00e9galement par Tosyali.<\/div>\n<\/div>\n<p>Auteur: R\u00e9flexion<br \/>\n<a href=\"https:\/\/www.reflexiondz.net\/Le-ministre-de-la-communication-repond-a-RSF_a62232.html\">Cliquez ici pour lire l&rsquo;article depuis sa source.<\/a><\/p>\n","protected":false},"excerpt":{"rendered":"<p>Le complexe sid\u00e9rurgique alg\u00e9ro-turc Tosyali Alg\u00e9rie, bas\u00e9 \u00e0 Bethioua dans la wilaya d\u2019Oran, a annonc\u00e9 avoir fait don de 5 millions de masques m\u00e9dicaux aux pouvoirs publics,\u00a0 et ce, dans le cadre de l\u2019effort national de lutte contre la pand\u00e9mie du coronavirus (covid-19). Selon la m\u00eame source, ces masques r\u00e9pondant aux normes, qui ont \u00e9t\u00e9 [&hellip;]<\/p>\n","protected":false},"author":1740,"featured_media":0,"comment_status":"closed","ping_status":"closed","sticky":false,"template":"","format":"standard","meta":{"fifu_image_url":"","fifu_image_alt":"","footnotes":""},"categories":[53,76],"tags":[],"class_list":["post-83333","post","type-post","status-publish","format-standard","hentry","category-algerie","category-regions"],"_links":{"self":[{"href":"https:\/\/linitiative.ca\/International\/wp-json\/wp\/v2\/posts\/83333","targetHints":{"allow":["GET"]}}],"collection":[{"href":"https:\/\/linitiative.ca\/International\/wp-json\/wp\/v2\/posts"}],"about":[{"href":"https:\/\/linitiative.ca\/International\/wp-json\/wp\/v2\/types\/post"}],"author":[{"embeddable":true,"href":"https:\/\/linitiative.ca\/International\/wp-json\/wp\/v2\/users\/1740"}],"replies":[{"embeddable":true,"href":"https:\/\/linitiative.ca\/International\/wp-json\/wp\/v2\/comments?post=83333"}],"version-history":[{"count":0,"href":"https:\/\/linitiative.ca\/International\/wp-json\/wp\/v2\/posts\/83333\/revisions"}],"wp:attachment":[{"href":"https:\/\/linitiative.ca\/International\/wp-json\/wp\/v2\/media?parent=83333"}],"wp:term":[{"taxonomy":"category","embeddable":true,"href":"https:\/\/linitiative.ca\/International\/wp-json\/wp\/v2\/categories?post=83333"},{"taxonomy":"post_tag","embeddable":true,"href":"https:\/\/linitiative.ca\/International\/wp-json\/wp\/v2\/tags?post=83333"}],"curies":[{"name":"wp","href":"https:\/\/api.w.org\/{rel}","templated":true}]}}