{"id":83334,"date":"2020-04-24T12:29:00","date_gmt":"2020-04-24T16:29:00","guid":{"rendered":"https:\/\/linitiative.ca\/International\/le-president-tebboune-sest-entretenu-avec-kais-saied\/"},"modified":"2020-04-24T12:29:00","modified_gmt":"2020-04-24T16:29:00","slug":"le-president-tebboune-sest-entretenu-avec-kais-saied","status":"publish","type":"post","link":"https:\/\/linitiative.ca\/International\/le-president-tebboune-sest-entretenu-avec-kais-saied\/","title":{"rendered":"Le pr\u00e9sident Tebboune s\u2019est entretenu avec Kais Saied"},"content":{"rendered":"<p><br id=\"sep_para_1\" class=\"sep_para access\"\/><\/p>\n<div id=\"para_1\" class=\"para_36640735 resize\">\n<div class=\"texte access firstletter\">Le Pr\u00e9sident de la R\u00e9publique, Abdelmadjid Tebboune a re\u00e7u, jeudi, un appel t\u00e9l\u00e9phonique du pr\u00e9sident de la R\u00e9publique tunisienne, Kais Saied, avec lequel il a \u00e9chang\u00e9 les v\u0153ux \u00e0 l&rsquo;occasion du mois sacr\u00e9 de Ramadhan, a indiqu\u00e9 un communiqu\u00e9 de la Pr\u00e9sidence de la R\u00e9publique. \u00ab\u00a0Le Pr\u00e9sident de la R\u00e9publique, Abdelmadjid Tebboune a re\u00e7u jeudi apr\u00e8s-midi un appel t\u00e9l\u00e9phonique de la part de son fr\u00e8re le pr\u00e9sident de la R\u00e9publique tunisienne, Kais Saied. Les deux pr\u00e9sidents ont \u00e9chang\u00e9 les v\u0153ux \u00e0 l&rsquo;occasion du mois sacr\u00e9 de Ramadhan\u00a0\u00bb, pr\u00e9cise le communiqu\u00e9. \u00ab\u00a0Les deux pr\u00e9sidents ont proc\u00e9d\u00e9 \u00e9galement \u00e0 un \u00e9change d&rsquo;informations sur l&rsquo;\u00e9volution de la situation sanitaire, respectivement, dans les deux pays ainsi que la situation de la communaut\u00e9 tunisienne en Alg\u00e9rie et de la communaut\u00e9 alg\u00e9rienne en Tunisie\u00a0\u00bb, a conclu le communiqu\u00e9.<\/div>\n<\/div>\n<p>Auteur: R\u00e9flexion<br \/>\n<a href=\"https:\/\/www.reflexiondz.net\/Le-president-Tebboune-s-est-entretenu-avec-Kais-Saied_a62231.html\">Cliquez ici pour lire l&rsquo;article depuis sa source.<\/a><\/p>\n","protected":false},"excerpt":{"rendered":"<p>Le Pr\u00e9sident de la R\u00e9publique, Abdelmadjid Tebboune a re\u00e7u, jeudi, un appel t\u00e9l\u00e9phonique du pr\u00e9sident de la R\u00e9publique tunisienne, Kais Saied, avec lequel il a \u00e9chang\u00e9 les v\u0153ux \u00e0 l&rsquo;occasion du mois sacr\u00e9 de Ramadhan, a indiqu\u00e9 un communiqu\u00e9 de la Pr\u00e9sidence de la R\u00e9publique. \u00ab\u00a0Le Pr\u00e9sident de la R\u00e9publique, Abdelmadjid Tebboune a re\u00e7u jeudi [&hellip;]<\/p>\n","protected":false},"author":1740,"featured_media":0,"comment_status":"closed","ping_status":"closed","sticky":false,"template":"","format":"standard","meta":{"fifu_image_url":"","fifu_image_alt":"","footnotes":""},"categories":[53,76],"tags":[],"class_list":["post-83334","post","type-post","status-publish","format-standard","hentry","category-algerie","category-regions"],"_links":{"self":[{"href":"https:\/\/linitiative.ca\/International\/wp-json\/wp\/v2\/posts\/83334","targetHints":{"allow":["GET"]}}],"collection":[{"href":"https:\/\/linitiative.ca\/International\/wp-json\/wp\/v2\/posts"}],"about":[{"href":"https:\/\/linitiative.ca\/International\/wp-json\/wp\/v2\/types\/post"}],"author":[{"embeddable":true,"href":"https:\/\/linitiative.ca\/International\/wp-json\/wp\/v2\/users\/1740"}],"replies":[{"embeddable":true,"href":"https:\/\/linitiative.ca\/International\/wp-json\/wp\/v2\/comments?post=83334"}],"version-history":[{"count":0,"href":"https:\/\/linitiative.ca\/International\/wp-json\/wp\/v2\/posts\/83334\/revisions"}],"wp:attachment":[{"href":"https:\/\/linitiative.ca\/International\/wp-json\/wp\/v2\/media?parent=83334"}],"wp:term":[{"taxonomy":"category","embeddable":true,"href":"https:\/\/linitiative.ca\/International\/wp-json\/wp\/v2\/categories?post=83334"},{"taxonomy":"post_tag","embeddable":true,"href":"https:\/\/linitiative.ca\/International\/wp-json\/wp\/v2\/tags?post=83334"}],"curies":[{"name":"wp","href":"https:\/\/api.w.org\/{rel}","templated":true}]}}