{"id":83337,"date":"2020-04-24T13:50:56","date_gmt":"2020-04-24T17:50:56","guid":{"rendered":"https:\/\/linitiative.ca\/International\/covid-19-en-algerie-3127-cas-dont-415-deces-et-1408-guerisons\/"},"modified":"2020-04-24T13:50:56","modified_gmt":"2020-04-24T17:50:56","slug":"covid-19-en-algerie-3127-cas-dont-415-deces-et-1408-guerisons","status":"publish","type":"post","link":"https:\/\/linitiative.ca\/International\/covid-19-en-algerie-3127-cas-dont-415-deces-et-1408-guerisons\/","title":{"rendered":"Covid-19 en Alg\u00e9rie : 3127 cas dont 415 d\u00e9c\u00e8s et 1408 gu\u00e9risons"},"content":{"rendered":"<p>Le nombre des personnes infect\u00e9es par le Covid-19 en Alg\u00e9rie a atteint 3127 dont 415 morts tandisque le nombre des personnes gu\u00e9ries est 1408. C\u2019est ce qu\u2019a indiqu\u00e9 vendredi le porte-parole du Comit\u00e9 scientifique de suivi de l\u2019\u00e9volution de la pand\u00e9mie du Coronavirus, Djamel Fourar.<\/p>\n<p>Lors du point de presse quotidien consacr\u00e9 \u00e0 l\u2019\u00e9volution de la pand\u00e9mie, Dr Fourar a fait savoir que 120 nouveaux cas ont \u00e9te enregistr\u00e9s durant les dernieres 24 heures en plus de 53 gu\u00e9rison et 8 d\u00e9c\u00e8s.<\/p>\n<p>Il a \u00e9galement indiqu\u00e9 que le nombre des patients sous traitement a atteint 5.433, comprenant 1.952 cas confirm\u00e9s par analyses de laboratoires et 3.481 cas suspects diagnostiqu\u00e9s par radiologie et scanner, pr\u00e9cisant que 36 patients sont toujours en soins intensifs.<\/p>\n<p>Le m\u00eame responsable a not\u00e9 que les 8 nouveaux d\u00e9c\u00e8s ont \u00e9t\u00e9 enregistr\u00e9s dans la wilaya d\u2019Alger (5 cas) et dans les wilayas de M\u00e9d\u00e9a (1 cas), Tipasa (1) et Ouargla (1).<\/p>\n<p>Il a relev\u00e9 que la tranche d\u2019\u00e2ge des personnes contamin\u00e9es se situe entre 25 et 60 ans repr\u00e9sente 54% des cas confirm\u00e9s et celles de 60 ans et plus repr\u00e9sente 65% des d\u00e9c\u00e8s<\/p>\n<p>M.Fourar a fait remarquer en outre que 21 wilayas n\u2019ont connu aucun cas au coronavirus ce vendredi et 17 autres ont recens\u00e9 entre un et trois cas, alors que 9 wilayas ont connu plus de 4 cas confirm\u00e9s.<\/p>\n<p>Enfin, il a r\u00e9it\u00e9r\u00e9 l\u2019imp\u00e9ratif de respecter, en ce mois sacr\u00e9 de Ramadhan, les recommandations des sp\u00e9cialistes concernant les r\u00e8gles d\u2019hygi\u00e8ne personnelle et environnementale, ainsi que des conditions de confinement sanitaire et d\u2019\u00e9viter les rassemblements et les visites familiales, rappelant que le num\u00e9ro vert (3030) reste \u00e0 la disposition des citoyens pour r\u00e9pondre \u00e0 leurs pr\u00e9occupations.<\/p>\n<p>Auteur: Boudjedri<br \/>\n<a href=\"http:\/\/www.jeune-independant.net\/Covid-19-en-Algerie-3127-cas-dont.html\">Cliquez ici pour lire l&rsquo;article depuis sa source.<\/a><\/p>\n","protected":false},"excerpt":{"rendered":"<p>Le nombre des personnes infect\u00e9es par le Covid-19 en Alg\u00e9rie a atteint 3127 dont 415 morts tandisque le nombre des personnes gu\u00e9ries est 1408. C\u2019est ce qu\u2019a indiqu\u00e9 vendredi le porte-parole du Comit\u00e9 scientifique de suivi de l\u2019\u00e9volution de la pand\u00e9mie du Coronavirus, Djamel Fourar. Lors du point de presse quotidien consacr\u00e9 \u00e0 l\u2019\u00e9volution de [&hellip;]<\/p>\n","protected":false},"author":1737,"featured_media":0,"comment_status":"closed","ping_status":"closed","sticky":false,"template":"","format":"standard","meta":{"fifu_image_url":"","fifu_image_alt":"","footnotes":""},"categories":[73,53],"tags":[],"class_list":["post-83337","post","type-post","status-publish","format-standard","hentry","category-actualite","category-algerie"],"_links":{"self":[{"href":"https:\/\/linitiative.ca\/International\/wp-json\/wp\/v2\/posts\/83337","targetHints":{"allow":["GET"]}}],"collection":[{"href":"https:\/\/linitiative.ca\/International\/wp-json\/wp\/v2\/posts"}],"about":[{"href":"https:\/\/linitiative.ca\/International\/wp-json\/wp\/v2\/types\/post"}],"author":[{"embeddable":true,"href":"https:\/\/linitiative.ca\/International\/wp-json\/wp\/v2\/users\/1737"}],"replies":[{"embeddable":true,"href":"https:\/\/linitiative.ca\/International\/wp-json\/wp\/v2\/comments?post=83337"}],"version-history":[{"count":0,"href":"https:\/\/linitiative.ca\/International\/wp-json\/wp\/v2\/posts\/83337\/revisions"}],"wp:attachment":[{"href":"https:\/\/linitiative.ca\/International\/wp-json\/wp\/v2\/media?parent=83337"}],"wp:term":[{"taxonomy":"category","embeddable":true,"href":"https:\/\/linitiative.ca\/International\/wp-json\/wp\/v2\/categories?post=83337"},{"taxonomy":"post_tag","embeddable":true,"href":"https:\/\/linitiative.ca\/International\/wp-json\/wp\/v2\/tags?post=83337"}],"curies":[{"name":"wp","href":"https:\/\/api.w.org\/{rel}","templated":true}]}}