{"id":83338,"date":"2020-04-24T07:23:00","date_gmt":"2020-04-24T11:23:00","guid":{"rendered":"https:\/\/linitiative.ca\/International\/ferid-ben-brahim-limpact-reel-et-sectoriel-de-la-crise-covid-19-sur-le-pib-de-la-tunisie\/"},"modified":"2020-04-24T07:23:00","modified_gmt":"2020-04-24T11:23:00","slug":"ferid-ben-brahim-limpact-reel-et-sectoriel-de-la-crise-covid-19-sur-le-pib-de-la-tunisie","status":"publish","type":"post","link":"https:\/\/linitiative.ca\/International\/ferid-ben-brahim-limpact-reel-et-sectoriel-de-la-crise-covid-19-sur-le-pib-de-la-tunisie\/","title":{"rendered":"Ferid Ben Brahim: L\u2019impact r\u00e9el et sectoriel de la crise Covid 19 sur le PIB de la Tunisie"},"content":{"rendered":"<p><span class=\"c2\"><strong>Une catastrophe exceptionnelle, due \u00e0 un virus inconnu jusqu\u2019ici, a malheureusement eu des cons\u00e9quences dramatiques dans le Monde entier.<\/strong><\/span> Tous les pays mettent en place des mesures n\u00e9cessaires de distanciation sociale et des mises en quarantaine pour endiguer la pand\u00e9mie. Depuis, l\u2019\u00e9croulement de l\u2019activit\u00e9 \u00e9conomique enregistr\u00e9 ne ressemble \u00e0 aucun \u00e9v\u00e8nement historique que nous avons connu de notre vivant.<\/p>\n<p><span class=\"c2\"><strong>Cette crise et ses r\u00e9percussions d\u00e9pendent totalement des caract\u00e9ristiques du Covid 19 et de la mise au point des traitements et d\u2019un vaccin,<\/strong><\/span> soit beaucoup d\u2019incertitudes sur notre avenir commun.<\/p>\n<p><span class=\"c2\"><strong>La Tunisie fait aujourd&rsquo;hui face \u00e0 de multiples d\u00e9fis dont les interactions sont complexes:<\/strong><\/span> d\u00e9fi sanitaire, effondrement de nos march\u00e9s d\u2019exportations habituels et d\u00e9fi historique quant \u00e0 une de nos activit\u00e9s r\u00e9currentes, le Tourisme. Il existe une grande incertitude quant \u00e0 la mani\u00e8re dont le paysage \u00e9conomique mondial aura \u00e9volu\u00e9 au sortir \u00ab d\u00e9finitif \u00bb de ce confinement c\u2019est-\u00e0-dire \u00e0 la fin 2020 au plut\u00f4t.<\/p>\n<p><span class=\"c2\"><strong>Dans l\u2019hypoth\u00e8se o\u00f9 cette pand\u00e9mie s\u2019att\u00e9nuerait au cours du deuxi\u00e8me semestre de cette ann\u00e9e,<\/strong><\/span> nous pr\u00e9voyons une contraction de l\u2019\u00e9conomie tunisienne de 6,2 % en 2020 (contre 4,3% pour le FMI).<\/p>\n<table width=\"100%\" cellspacing=\"1\" cellpadding=\"1\" border=\"1\">\n<tbody readability=\"6\">\n<tr readability=\"6\">\n<td width=\"377\" nowrap=\"nowrap\" readability=\"5\">\n<p><span class=\"c3\"><span class=\"c2\"><strong>Par secteur et en points de croissance<\/strong><\/span><\/span><\/p>\n<\/td>\n<td colspan=\"2\" width=\"197\" valign=\"top\" readability=\"5\">\n<p><span class=\"c3\"><span class=\"c2\"><strong>Contribution sectorielle \u00e0 la croissance du PIB* 2020<\/strong><\/span><\/span><\/p>\n<\/td>\n<\/tr>\n<tr>\n<td width=\"377\" nowrap=\"nowrap\">\n<p><em>\u00a0<\/em><\/p>\n<\/td>\n<td width=\"99\" valign=\"top\">\n<p class=\"c4\"><strong>AFC<\/strong><\/p>\n<\/td>\n<td width=\"98\" valign=\"top\">\n<p class=\"c4\"><strong>FMI<\/strong><\/p>\n<\/td>\n<\/tr>\n<tr>\n<td width=\"377\" nowrap=\"nowrap\">\n<p>Agriculture et p\u00eache<\/p>\n<\/td>\n<td width=\"99\" valign=\"bottom\" nowrap=\"nowrap\">\n<p class=\"c5\">-0,2<\/p>\n<\/td>\n<td width=\"98\" valign=\"bottom\" nowrap=\"nowrap\">\n<p class=\"c5\">0,3<\/p>\n<\/td>\n<\/tr>\n<tr readability=\"3\">\n<td width=\"377\" nowrap=\"nowrap\" readability=\"5\">\n<p>Industries manufacturi\u00e8res<\/p>\n<\/td>\n<td width=\"99\" valign=\"bottom\" nowrap=\"nowrap\">\n<p class=\"c5\">-1,7<\/p>\n<\/td>\n<td width=\"98\" valign=\"bottom\" nowrap=\"nowrap\">\n<p class=\"c5\">-0,9<\/p>\n<\/td>\n<\/tr>\n<tr readability=\"3\">\n<td width=\"377\" nowrap=\"nowrap\" readability=\"5\">\n<p>Industries non manufacturi\u00e8res<\/p>\n<\/td>\n<td width=\"99\" valign=\"bottom\" nowrap=\"nowrap\">\n<p class=\"c5\">-1,4<\/p>\n<\/td>\n<td width=\"98\" valign=\"bottom\" nowrap=\"nowrap\">\n<p class=\"c5\">0<\/p>\n<\/td>\n<\/tr>\n<tr readability=\"3\">\n<td width=\"377\" nowrap=\"nowrap\" readability=\"5\">\n<p>Activit\u00e9s des services marchands<\/p>\n<\/td>\n<td width=\"99\" valign=\"bottom\" nowrap=\"nowrap\">\n<p class=\"c5\">-3,0<\/p>\n<\/td>\n<td width=\"98\" valign=\"bottom\" nowrap=\"nowrap\">\n<p class=\"c5\">-3,6<\/p>\n<\/td>\n<\/tr>\n<tr readability=\"3\">\n<td width=\"377\" nowrap=\"nowrap\" readability=\"5\">\n<p>Activit\u00e9s non marchandes<\/p>\n<\/td>\n<td width=\"99\" valign=\"bottom\" nowrap=\"nowrap\">\n<p class=\"c5\">0,4<\/p>\n<\/td>\n<td width=\"98\" valign=\"bottom\" nowrap=\"nowrap\">\n<p class=\"c5\">0,2<\/p>\n<\/td>\n<\/tr>\n<tr>\n<td width=\"377\" nowrap=\"nowrap\">\n<p><strong>Croissance en %<\/strong><\/p>\n<\/td>\n<td width=\"99\" valign=\"bottom\" nowrap=\"nowrap\">\n<p class=\"c5\"><strong>-6,2%<\/strong><\/p>\n<\/td>\n<td width=\"98\" valign=\"bottom\" nowrap=\"nowrap\">\n<p class=\"c5\"><strong>-4,3%<\/strong><\/p>\n<\/td>\n<\/tr>\n<\/tbody>\n<\/table>\n<p><span class=\"c6\"><em>*PIB aux prix constants de 2010<\/em><\/span><\/p>\n<p><em>Nous avons r\u00e9alis\u00e9 nos estimations d\u2019activit\u00e9 par secteur en tenant compte des derni\u00e8res publications de la BCT, des indicateurs d\u2019activit\u00e9 publi\u00e9s par les soci\u00e9t\u00e9s cot\u00e9es \u00e0 la fin avril, ces soci\u00e9t\u00e9s \u00e9tant souvent les leaders des diff\u00e9rents secteurs sous revue. Nous avons \u00e9galement int\u00e9gr\u00e9 les informations obtenues aupr\u00e8s des organisations professionnelles et des grandes entreprises quant \u00e0 l\u2019\u00e9volution agr\u00e9g\u00e9e de leurs ventes (produits p\u00e9troliers, mat\u00e9riaux,\u2026).<\/em><\/p>\n<p class=\"c5\"><em><img decoding=\"async\" src=\"\/uploads\/FCK_files\/Graph-1(28).jpg\" width=\"100%\" vspace=\"5\" hspace=\"5\" align=\"middle\" alt=\"\"\/><\/em><\/p>\n<p>Cette contraction se ressentirait au niveau des industries non manufacturi\u00e8res qui devraient enregistrer une baisse de 15,9% de leur activit\u00e9 en raison essentiellement de l\u2019effondrement de 35% du secteur du B\u00e2timent et du G\u00e9nie civil.<\/p>\n<p><span class=\"c2\"><strong>Les industries manufacturi\u00e8res qui seront impact\u00e9es, diminueraient de plus de 10%,<\/strong><\/span> essentiellement suite \u00e0 la baisse des industries textiles, habillement et cuir (-30% environ). La r\u00e9gression des industries m\u00e9caniques et \u00e9lectriques d\u00e9passerait les 8%. Ces industries fortement d\u00e9pendantes de leur activit\u00e9 exportatrice p\u00e2tiront de la chute de la demande ext\u00e9rieure combin\u00e9e \u00e0 l\u2019arr\u00eat des transports internationaux.<\/p>\n<p><span class=\"c2\"><strong>Les activit\u00e9s des services marchands devraient baisser de 6,2%<\/strong><\/span> pouss\u00e9es par une chute quasiment certaine de 40% des services d&rsquo;h\u00f4tellerie et de restauration (les seuls h\u00f4tels actuellement en activit\u00e9 le sont pour accueillir des compatriotes en confinement sanitaire) et de 20% des Transports. Le commerce quant \u00e0 lui devrait voir son activit\u00e9 r\u00e9gresser d\u2019environ 2%.<\/p>\n<p><span class=\"c2\"><strong>Notons \u00e9galement une contraction probable de 2,5% du secteur de l\u2019Agriculture et p\u00eache<\/strong><\/span> en raison d\u2019un d\u00e9but de saison marqu\u00e9 par une s\u00e9cheresse notable.<\/p>\n<p class=\"c5\"><img decoding=\"async\" src=\"\/uploads\/FCK_files\/Graph-2(26).jpg\" alt=\"\" width=\"100%\" vspace=\"5\" hspace=\"5\" align=\"middle\"\/><\/p>\n<p><span class=\"c2\"><strong>Si nous essayons d\u2019illustrer la contribution des principaux secteurs \u00e0 la d\u00e9croissance du PIB en 2020,<\/strong><\/span> nous mettrons en exergue que les services d&rsquo;h\u00f4tellerie et de restauration, les transports et le b\u00e2timent et g\u00e9nie civil contribueront pour 85% \u00e0 la contraction du PIB 2020 par rapport \u00e0 celui de 2019.<br \/>A contrario, les secteurs des services d\u2019administration publique, des services financiers et de l\u2019extraction de p\u00e9trole et gaz impacteront positivement mais faiblement (moins de 10%) l\u2019\u00e9volution du PIB.<\/p>\n<p class=\"c7\"><strong>Ferid Ben Brahim<\/strong><br \/><em>Directeur G\u00e9n\u00e9ral de l\u2019AFC<\/em><br \/>\u00a0<\/p>\n<p>Auteur:<br \/>\n<a href=\"https:\/\/www.leaders.com.tn\/article\/29761-ferid-ben-brahim-l-impact-reel-et-sectoriel-de-la-crise-covid-19-sur-le-pib-de-la-tunisie\">Cliquez ici pour lire l&rsquo;article depuis sa source.<\/a><\/p>\n","protected":false},"excerpt":{"rendered":"<p>Une catastrophe exceptionnelle, due \u00e0 un virus inconnu jusqu\u2019ici, a malheureusement eu des cons\u00e9quences dramatiques dans le Monde entier. Tous les pays mettent en place des mesures n\u00e9cessaires de distanciation sociale et des mises en quarantaine pour endiguer la pand\u00e9mie. Depuis, l\u2019\u00e9croulement de l\u2019activit\u00e9 \u00e9conomique enregistr\u00e9 ne ressemble \u00e0 aucun \u00e9v\u00e8nement historique que nous avons [&hellip;]<\/p>\n","protected":false},"author":1772,"featured_media":0,"comment_status":"closed","ping_status":"closed","sticky":false,"template":"","format":"standard","meta":{"fifu_image_url":"","fifu_image_alt":"","footnotes":""},"categories":[73,55],"tags":[],"class_list":["post-83338","post","type-post","status-publish","format-standard","hentry","category-actualite","category-tunisie"],"_links":{"self":[{"href":"https:\/\/linitiative.ca\/International\/wp-json\/wp\/v2\/posts\/83338","targetHints":{"allow":["GET"]}}],"collection":[{"href":"https:\/\/linitiative.ca\/International\/wp-json\/wp\/v2\/posts"}],"about":[{"href":"https:\/\/linitiative.ca\/International\/wp-json\/wp\/v2\/types\/post"}],"author":[{"embeddable":true,"href":"https:\/\/linitiative.ca\/International\/wp-json\/wp\/v2\/users\/1772"}],"replies":[{"embeddable":true,"href":"https:\/\/linitiative.ca\/International\/wp-json\/wp\/v2\/comments?post=83338"}],"version-history":[{"count":0,"href":"https:\/\/linitiative.ca\/International\/wp-json\/wp\/v2\/posts\/83338\/revisions"}],"wp:attachment":[{"href":"https:\/\/linitiative.ca\/International\/wp-json\/wp\/v2\/media?parent=83338"}],"wp:term":[{"taxonomy":"category","embeddable":true,"href":"https:\/\/linitiative.ca\/International\/wp-json\/wp\/v2\/categories?post=83338"},{"taxonomy":"post_tag","embeddable":true,"href":"https:\/\/linitiative.ca\/International\/wp-json\/wp\/v2\/tags?post=83338"}],"curies":[{"name":"wp","href":"https:\/\/api.w.org\/{rel}","templated":true}]}}