{"id":83339,"date":"2020-04-24T09:09:00","date_gmt":"2020-04-24T13:09:00","guid":{"rendered":"https:\/\/linitiative.ca\/International\/boubaker-benkraiem-y-a-t-il-un-commandant-a-bord\/"},"modified":"2020-04-24T09:09:00","modified_gmt":"2020-04-24T13:09:00","slug":"boubaker-benkraiem-y-a-t-il-un-commandant-a-bord","status":"publish","type":"post","link":"https:\/\/linitiative.ca\/International\/boubaker-benkraiem-y-a-t-il-un-commandant-a-bord\/","title":{"rendered":"Boubaker Benkraiem: Y-a-t-il un Commandant \u00e0 bord ?"},"content":{"rendered":"<p><span class=\"c2\"><strong><img decoding=\"async\" src=\"\/uploads\/FCK_files\/Boubaker-Ben-Kraeim(13).jpg\" width=\"25%\" vspace=\"5\" hspace=\"5\" align=\"left\" alt=\"\"\/>Un pays, c\u2019est comme un bateau, et pour que le bateau arrive \u00e0 bon port sans d\u00e9g\u00e2ts, il ne doit y avoir qu\u2019un seul commandant,<\/strong><\/span> <strong><span class=\"c2\">\u00e0 bord.<\/span><\/strong> S\u2019il y en a plus, le bateau risque de chavirer aussit\u00f4t. Chez nous, la Constitution de 2014 en a pr\u00e9vu plus d\u2019un et c\u2019est la raison pour laquelle on a l\u2019impression qu\u2019il n\u2019y en ait personne. Aucun d\u2019eux n\u2019ose prendre d\u2019initiative pour ne pas froisser les deux autres et ceci est pr\u00e9judiciable \u00e0 la bonne marche de la soci\u00e9t\u00e9 et des Institutions.\u00a0 Souvent, des fautes, des bourdes, et des b\u00e9vues, parfois graves ou s\u00e9rieuses, sont commises sans que personne n\u2019intervienne et c\u2019est la soci\u00e9t\u00e9 civile qui se d\u00e9bat ou qui se mobilise obligeant les pouvoirs publics \u00e0 intervenir. Et l\u2019impression qui se d\u00e9gage, suite \u00e0 cela, est que personne parmi les trois t\u00eates n\u2019ose s\u2019impliquer, n\u2019\u00e9tant pas s\u00fbr de d\u00e9tenir la v\u00e9rit\u00e9, c \u00e0 d que le probl\u00e8me, ne soit de son\u00a0 ressort.\u00a0\u00a0<\/p>\n<p><span class=\"c2\"><strong>Cette situation ne peut continuer ainsi au risque de ne pouvoir progresser d\u2019une part et de nuire \u00e0 notre prestige d\u2019autre part.<\/strong><\/span> Il est urgent de r\u00e9viser la Constitution et de revoir les pr\u00e9rogatives de chacune des t\u00eates des\u00a0 trois pouvoirs. Aussi, un pays de culture et de tradition comme le n\u00f4tre, habitu\u00e9, depuis plus de cinq d\u00e9cennies, \u00e0 vivre la pr\u00e9pond\u00e9rance d\u2019un seul Chef, en l\u2019occurrence, le pr\u00e9sident de la r\u00e9publique, ne peut appr\u00e9cier une autre forme de gouvernance, surtout si celle-ci est synonyme d\u2019immobilisme ou de blocage. Si on craint que ce chef est tent\u00e9 par d&rsquo;instaurer une certaine forme de dictature ou de pouvoir personnel, les institutions doivent pr\u00e9voir toutes les mesures appropri\u00e9es contre cette tendance. Laisser le pouvoir dilu\u00e9 entre trois responsables, est au fait l\u2019absence de l\u2019autorit\u00e9 de l\u2019Etat, des difficult\u00e9s \u00e9normes aux efforts de d\u00e9veloppement du pays et la n\u00e9gation manifeste de la croissance, du progr\u00e8s et des r\u00e9formes.<\/p>\n<p><span class=\"c2\"><strong>Aussi, quelle avanc\u00e9e notre pays a connu depuis 2011?<\/strong><\/span> Et quel programme de d\u00e9veloppement s\u00e9rieux a vu le jour depuis ? Ceux qui ont \u00e9labor\u00e9 la Constitution de 2014, trop soucieux des aspects politiques ont n\u00e9glig\u00e9 les exigences d\u2019efficacit\u00e9 et se trouvent, ainsi, \u00e0 leur tour, rel\u00e9gu\u00e9s en deuxi\u00e8me position le d\u00e9veloppement, le progr\u00e8s, et l\u2019essor du pays. Il est temps de rem\u00e9dier \u00e0 cette situation et de trouver la bonne formule et la meilleure d\u00e9marche capables de conduire le pays vers le progr\u00e8s, le d\u00e9veloppement et la mutation pour une croissance s\u00fbre et g\u00e9n\u00e9reuse.\u00a0\u00a0\u00a0\u00a0\u00a0\u00a0<br \/>D\u2019autre part, quels spectacles d\u00e9solant nous pr\u00e9sentent, assez souvent,\u00a0 certains de nos valeureux d\u00e9put\u00e9s, spectacles jamais vus auparavant et\u00a0 indignes de la Tunisie 2020.\u00a0\u00a0\u00a0\u00a0\u00a0\u00a0\u00a0\u00a0\u00a0<\/p>\n<p><span class=\"c2\"><strong>Que Dieu veille et prot\u00e8ge la Tunisie Eternelle<\/strong><\/span>, l\u2019h\u00e9riti\u00e8re de Kairouan et de Carthage et que le mois de Ramadhan soit de bon augure pour notre pays en cette d\u00e9licate p\u00e9riode de coronavirus.<\/p>\n<p class=\"c3\"><strong>Boubaker Benkraiem<\/strong><br \/><em>Ancien Gouverneur<\/em><\/p>\n<p>Auteur:<br \/>\n<a href=\"https:\/\/www.leaders.com.tn\/article\/29763-boubaker-benkraiem-y-a-t-il-un-commandant-a-bord\">Cliquez ici pour lire l&rsquo;article depuis sa source.<\/a><\/p>\n","protected":false},"excerpt":{"rendered":"<p>Un pays, c\u2019est comme un bateau, et pour que le bateau arrive \u00e0 bon port sans d\u00e9g\u00e2ts, il ne doit y avoir qu\u2019un seul commandant, \u00e0 bord. S\u2019il y en a plus, le bateau risque de chavirer aussit\u00f4t. Chez nous, la Constitution de 2014 en a pr\u00e9vu plus d\u2019un et c\u2019est la raison pour laquelle [&hellip;]<\/p>\n","protected":false},"author":1772,"featured_media":0,"comment_status":"closed","ping_status":"closed","sticky":false,"template":"","format":"standard","meta":{"fifu_image_url":"","fifu_image_alt":"","footnotes":""},"categories":[73,55],"tags":[],"class_list":["post-83339","post","type-post","status-publish","format-standard","hentry","category-actualite","category-tunisie"],"_links":{"self":[{"href":"https:\/\/linitiative.ca\/International\/wp-json\/wp\/v2\/posts\/83339","targetHints":{"allow":["GET"]}}],"collection":[{"href":"https:\/\/linitiative.ca\/International\/wp-json\/wp\/v2\/posts"}],"about":[{"href":"https:\/\/linitiative.ca\/International\/wp-json\/wp\/v2\/types\/post"}],"author":[{"embeddable":true,"href":"https:\/\/linitiative.ca\/International\/wp-json\/wp\/v2\/users\/1772"}],"replies":[{"embeddable":true,"href":"https:\/\/linitiative.ca\/International\/wp-json\/wp\/v2\/comments?post=83339"}],"version-history":[{"count":0,"href":"https:\/\/linitiative.ca\/International\/wp-json\/wp\/v2\/posts\/83339\/revisions"}],"wp:attachment":[{"href":"https:\/\/linitiative.ca\/International\/wp-json\/wp\/v2\/media?parent=83339"}],"wp:term":[{"taxonomy":"category","embeddable":true,"href":"https:\/\/linitiative.ca\/International\/wp-json\/wp\/v2\/categories?post=83339"},{"taxonomy":"post_tag","embeddable":true,"href":"https:\/\/linitiative.ca\/International\/wp-json\/wp\/v2\/tags?post=83339"}],"curies":[{"name":"wp","href":"https:\/\/api.w.org\/{rel}","templated":true}]}}