{"id":83344,"date":"2020-04-24T15:04:52","date_gmt":"2020-04-24T19:04:52","guid":{"rendered":"https:\/\/linitiative.ca\/International\/el-otmani-letat-durgence-a-permis-dameliorer-la-situation-epidemiologique\/"},"modified":"2020-04-24T15:04:52","modified_gmt":"2020-04-24T19:04:52","slug":"el-otmani-letat-durgence-a-permis-dameliorer-la-situation-epidemiologique","status":"publish","type":"post","link":"https:\/\/linitiative.ca\/International\/el-otmani-letat-durgence-a-permis-dameliorer-la-situation-epidemiologique\/","title":{"rendered":"El Otmani : \u00ab L\u2019\u00e9tat d\u2019urgence a permis d\u2019am\u00e9liorer la situation \u00e9pid\u00e9miologique \u00bb"},"content":{"rendered":"<p><strong>Selon le chef de gouvernement, Saad Dine El Otmani, l\u2019\u00e9tat d\u2019urgence sanitaire d\u00e9cr\u00e9t\u00e9 sur l\u2019ensemble du territoire national a permis une am\u00e9lioration de la situation \u00e9pid\u00e9miologique, laquelle se caract\u00e9rise par le recul du nombre des d\u00e9c\u00e8s et la hausse des cas de gu\u00e9risons.<\/strong><\/p>\n<div class=\"c10\"\/>\n<p>Le Chef de <strong>gouvernement<\/strong> a fait cette d\u00e9claration \u00e0 l\u2019ouverture du Conseil de gouvernement, r\u00e9uni en visioconf\u00e9rence ce vendredi 24 avril. Saad Dine El Otmani a relev\u00e9 que l\u2019\u00e9tat d\u2019urgence sanitaire constitue une mesure in\u00e9vitable, en d\u00e9pit des difficult\u00e9s \u00e9conomiques et sociales et des pressions psychologiques qui l\u2019accompagnent.<\/p>\n<p>Lire aussi: <a href=\"https:\/\/www.challenge.ma\/groupe-psa-lusine-de-kenitra-dans-les-starting-blocks-pour-bien-redemarrer-138537\/\">Groupe PSA : l\u2019usine de K\u00e9nitra dans les starting-blocks pour bien red\u00e9marrer<\/a><\/p>\n<p>Saad Dine El Otmani a aussi \u00e9voqu\u00e9 l\u2019apparition de <strong>foyers \u00e9pid\u00e9miques<\/strong> inqui\u00e9tants dans certaines r\u00e9gions, relevant que cette question est trait\u00e9e avec la c\u00e9l\u00e9rit\u00e9 et l\u2019efficacit\u00e9 requises. Il a aussi abord\u00e9 les d\u00e9fis scientifiques impos\u00e9s par le virus, appelant \u00e0 \u00e9viter les interpr\u00e9tations simplistes li\u00e9es \u00e0 sa nature et \u00e0 sa propagation.<\/p>\n<p>Le Chef de gouvernement a de m\u00eame rendu hommage au personnel de sant\u00e9, notamment ceux qui sont en premi\u00e8re ligne dans la lutte contre la propagation de la <strong>pand\u00e9mie<\/strong>, ainsi qu\u2019\u00e0 l\u2019ensemble des intervenants pour faire face aux diff\u00e9rentes r\u00e9percussions \u00e0 caract\u00e8re \u00e9conomique, social, culturel et \u00e9ducatif de la maladie.<\/p>\n<p>Rappelant que ce Conseil de gouvernement intervient apr\u00e8s la prolongation de l\u2019\u00e9tat d\u2019urgence sanitaire et la d\u00e9cision de l\u2019interdiction du d\u00e9placement nocturne entre 19H00 et 05H00 durant le mois de Ramadan, Saad Dine El Otmani a relev\u00e9 que ces <strong>mesures n\u00e9cessaires<\/strong> ont \u00e9t\u00e9 dict\u00e9es par les \u00e9volutions \u00e9pid\u00e9miques et les d\u00e9veloppements sur le terrain enregistr\u00e9s quotidiennement par les autorit\u00e9s comp\u00e9tentes.<\/p>\n<div class=\"c17\">\n<fieldset class=\"c16\">\n<legend><strong><span class=\"c11\">Challenge<\/span><span class=\"c12\">news<\/span><\/strong><\/legend>\n<div class=\"c15\">Le meilleur de Challenge s\u00e9lectionn\u00e9 par la r\u00e9daction :<\/p>\n<\/div>\n<\/fieldset>\n<\/div>\n<p>Auteur: challenge<br \/>\n<a href=\"https:\/\/www.challenge.ma\/el-otmani-letat-durgence-a-permis-dameliorer-la-situation-epidemiologique-138580\/\">Cliquez ici pour lire l&rsquo;article depuis sa source.<\/a><\/p>\n","protected":false},"excerpt":{"rendered":"<p>Selon le chef de gouvernement, Saad Dine El Otmani, l\u2019\u00e9tat d\u2019urgence sanitaire d\u00e9cr\u00e9t\u00e9 sur l\u2019ensemble du territoire national a permis une am\u00e9lioration de la situation \u00e9pid\u00e9miologique, laquelle se caract\u00e9rise par le recul du nombre des d\u00e9c\u00e8s et la hausse des cas de gu\u00e9risons. Le Chef de gouvernement a fait cette d\u00e9claration \u00e0 l\u2019ouverture du Conseil [&hellip;]<\/p>\n","protected":false},"author":1787,"featured_media":0,"comment_status":"closed","ping_status":"closed","sticky":false,"template":"","format":"standard","meta":{"fifu_image_url":"","fifu_image_alt":"","footnotes":""},"categories":[78,54],"tags":[],"class_list":["post-83344","post","type-post","status-publish","format-standard","hentry","category-economie","category-maroc"],"_links":{"self":[{"href":"https:\/\/linitiative.ca\/International\/wp-json\/wp\/v2\/posts\/83344","targetHints":{"allow":["GET"]}}],"collection":[{"href":"https:\/\/linitiative.ca\/International\/wp-json\/wp\/v2\/posts"}],"about":[{"href":"https:\/\/linitiative.ca\/International\/wp-json\/wp\/v2\/types\/post"}],"author":[{"embeddable":true,"href":"https:\/\/linitiative.ca\/International\/wp-json\/wp\/v2\/users\/1787"}],"replies":[{"embeddable":true,"href":"https:\/\/linitiative.ca\/International\/wp-json\/wp\/v2\/comments?post=83344"}],"version-history":[{"count":0,"href":"https:\/\/linitiative.ca\/International\/wp-json\/wp\/v2\/posts\/83344\/revisions"}],"wp:attachment":[{"href":"https:\/\/linitiative.ca\/International\/wp-json\/wp\/v2\/media?parent=83344"}],"wp:term":[{"taxonomy":"category","embeddable":true,"href":"https:\/\/linitiative.ca\/International\/wp-json\/wp\/v2\/categories?post=83344"},{"taxonomy":"post_tag","embeddable":true,"href":"https:\/\/linitiative.ca\/International\/wp-json\/wp\/v2\/tags?post=83344"}],"curies":[{"name":"wp","href":"https:\/\/api.w.org\/{rel}","templated":true}]}}