{"id":83346,"date":"2020-04-24T16:24:52","date_gmt":"2020-04-24T20:24:52","guid":{"rendered":"https:\/\/linitiative.ca\/International\/subventions-a-la-presse-le-dernier-delai-pour-le-depot-des-dossiers-fixe-au-11-mai\/"},"modified":"2020-04-24T16:24:52","modified_gmt":"2020-04-24T20:24:52","slug":"subventions-a-la-presse-le-dernier-delai-pour-le-depot-des-dossiers-fixe-au-11-mai","status":"publish","type":"post","link":"https:\/\/linitiative.ca\/International\/subventions-a-la-presse-le-dernier-delai-pour-le-depot-des-dossiers-fixe-au-11-mai\/","title":{"rendered":"Subventions \u00e0 la presse: le dernier d\u00e9lai pour le d\u00e9p\u00f4t des dossiers fix\u00e9 au 11 mai"},"content":{"rendered":"<p><strong>Les supports de presse impact\u00e9s par la pand\u00e9mie du covid-19 ont jusqu\u2019au 11 mai pour d\u00e9poser leurs dossiers.<\/strong><\/p>\n<div class=\"c10\"\/>\n<p>Une bonne nouvelle pour la <strong>presse<\/strong> <strong>\u00e9crite<\/strong> dans cette p\u00e9riode tr\u00e8s difficile. Le minist\u00e8re de la Culture a en effet annonc\u00e9 l\u2019ouverture des d\u00e9p\u00f4t des dossiers pour b\u00e9n\u00e9ficier des subventions \u00e9tatiques au titre de l\u2019ann\u00e9e 2020, et ce jusqu\u2019au 11 mai.<\/p>\n<p>Lire aussi: <a href=\"https:\/\/www.challenge.ma\/groupe-psa-lusine-de-kenitra-dans-les-starting-blocks-pour-bien-redemarrer-138537\/\">Groupe PSA : l\u2019usine de K\u00e9nitra dans les starting-blocks pour bien red\u00e9marrer<\/a><\/p>\n<p>Cette annonce fait suite \u00e0 la r\u00e9union du minist\u00e8re de la Culture, de la jeunesse et des sports, en concertation avec le minist\u00e8re des Finances, avec la <strong>Commission paritaire de la presse \u00e9crite<\/strong> \u00e0 titre exceptionnel.\u00a0<\/p>\n<p>\u00ab Dans un souci de protection des journalistes et de leur salaire, le minist\u00e8re de la Culture indique que les organes de presse \u00e9crite ont jusqu\u2019au 11 mai pour d\u00e9poser leurs dossiers afin de b\u00e9n\u00e9ficier des subventions de l\u2019Etat au titre de l\u2019ann\u00e9e 2020 \u00bb. Seuls les dossiers remplissant les conditions requises seront accept\u00e9s, a indiqu\u00e9 El Ferdaous dans un tweet.<\/p>\n<div class=\"c17\">\n<fieldset class=\"c16\">\n<legend><strong><span class=\"c11\">Challenge<\/span><span class=\"c12\">news<\/span><\/strong><\/legend>\n<div class=\"c15\">Le meilleur de Challenge s\u00e9lectionn\u00e9 par la r\u00e9daction :<\/p>\n<\/div>\n<\/fieldset>\n<\/div>\n<p>Auteur: challenge<br \/>\n<a href=\"https:\/\/www.challenge.ma\/subvention-a-la-presse-le-dernier-delai-pour-le-depot-des-dossiers-fixe-au-11-mai-138585\/\">Cliquez ici pour lire l&rsquo;article depuis sa source.<\/a><\/p>\n","protected":false},"excerpt":{"rendered":"<p>Les supports de presse impact\u00e9s par la pand\u00e9mie du covid-19 ont jusqu\u2019au 11 mai pour d\u00e9poser leurs dossiers. Une bonne nouvelle pour la presse \u00e9crite dans cette p\u00e9riode tr\u00e8s difficile. Le minist\u00e8re de la Culture a en effet annonc\u00e9 l\u2019ouverture des d\u00e9p\u00f4t des dossiers pour b\u00e9n\u00e9ficier des subventions \u00e9tatiques au titre de l\u2019ann\u00e9e 2020, et [&hellip;]<\/p>\n","protected":false},"author":1787,"featured_media":0,"comment_status":"closed","ping_status":"closed","sticky":false,"template":"","format":"standard","meta":{"fifu_image_url":"","fifu_image_alt":"","footnotes":""},"categories":[78,54],"tags":[],"class_list":["post-83346","post","type-post","status-publish","format-standard","hentry","category-economie","category-maroc"],"_links":{"self":[{"href":"https:\/\/linitiative.ca\/International\/wp-json\/wp\/v2\/posts\/83346","targetHints":{"allow":["GET"]}}],"collection":[{"href":"https:\/\/linitiative.ca\/International\/wp-json\/wp\/v2\/posts"}],"about":[{"href":"https:\/\/linitiative.ca\/International\/wp-json\/wp\/v2\/types\/post"}],"author":[{"embeddable":true,"href":"https:\/\/linitiative.ca\/International\/wp-json\/wp\/v2\/users\/1787"}],"replies":[{"embeddable":true,"href":"https:\/\/linitiative.ca\/International\/wp-json\/wp\/v2\/comments?post=83346"}],"version-history":[{"count":0,"href":"https:\/\/linitiative.ca\/International\/wp-json\/wp\/v2\/posts\/83346\/revisions"}],"wp:attachment":[{"href":"https:\/\/linitiative.ca\/International\/wp-json\/wp\/v2\/media?parent=83346"}],"wp:term":[{"taxonomy":"category","embeddable":true,"href":"https:\/\/linitiative.ca\/International\/wp-json\/wp\/v2\/categories?post=83346"},{"taxonomy":"post_tag","embeddable":true,"href":"https:\/\/linitiative.ca\/International\/wp-json\/wp\/v2\/tags?post=83346"}],"curies":[{"name":"wp","href":"https:\/\/api.w.org\/{rel}","templated":true}]}}