{"id":83347,"date":"2020-04-24T17:15:40","date_gmt":"2020-04-24T21:15:40","guid":{"rendered":"https:\/\/linitiative.ca\/International\/coronavirus-tout-ce-quil-faut-savoir-sur-les-resultats-preliminaires-de-lenquete-de-la-cgem\/"},"modified":"2020-04-24T17:15:40","modified_gmt":"2020-04-24T21:15:40","slug":"coronavirus-tout-ce-quil-faut-savoir-sur-les-resultats-preliminaires-de-lenquete-de-la-cgem","status":"publish","type":"post","link":"https:\/\/linitiative.ca\/International\/coronavirus-tout-ce-quil-faut-savoir-sur-les-resultats-preliminaires-de-lenquete-de-la-cgem\/","title":{"rendered":"Coronavirus : Tout ce qu\u2019il faut savoir sur les r\u00e9sultats pr\u00e9liminaires de l\u2019enqu\u00eate de la CGEM"},"content":{"rendered":"<p><strong>On en sait un peu plus sur les impacts de la pand\u00e9mie Covid-19 sur les entreprises au Maroc. La Conf\u00e9d\u00e9ration g\u00e9n\u00e9rale des entreprises du Maroc (CGEM) vient, en effet, de d\u00e9voiler les r\u00e9sultats pr\u00e9liminaires d\u2019une enqu\u00eate qu\u2019elle m\u00e8ne actuellement aupr\u00e8s des entreprises. Il s\u2019agit d\u2019une enqu\u00eate qui a d\u00e9marr\u00e9 le 17 avril et qui s\u2019\u00e9talera jusqu\u2019au 1<\/strong><sup><strong>er\u00a0<\/strong><\/sup><strong>mai. L\u2019objectif \u00e9tant de d\u00e9terminer les impacts de la pand\u00e9mie du coronavirus sur les entreprises du royaume. Notons que ces r\u00e9sultats pr\u00e9liminaires sont bas\u00e9s sur les r\u00e9ponses de 1740 participations au questionnaire et ce au 23 avril 2020. T\u00e9l\u00e9charger l\u2019int\u00e9gralit\u00e9 de l\u2019enqu\u00eate en cliquant sur le lien ci-dessous.<\/strong><\/p>\n<div class=\"c16\">\n<fieldset class=\"c15\">\n<legend><strong><span class=\"c10\">Challenge<\/span><span class=\"c11\">news<\/span><\/strong><\/legend>\n<div class=\"c14\">Le meilleur de Challenge s\u00e9lectionn\u00e9 par la r\u00e9daction :<\/p>\n<\/div>\n<\/fieldset>\n<\/div>\n<p>Auteur: challenge<br \/>\n<a href=\"https:\/\/www.challenge.ma\/coronavirus-tout-ce-quil-faut-savoir-sur-les-resultats-preliminaires-de-lenquete-de-la-cgem-138592\/\">Cliquez ici pour lire l&rsquo;article depuis sa source.<\/a><\/p>\n","protected":false},"excerpt":{"rendered":"<p>On en sait un peu plus sur les impacts de la pand\u00e9mie Covid-19 sur les entreprises au Maroc. La Conf\u00e9d\u00e9ration g\u00e9n\u00e9rale des entreprises du Maroc (CGEM) vient, en effet, de d\u00e9voiler les r\u00e9sultats pr\u00e9liminaires d\u2019une enqu\u00eate qu\u2019elle m\u00e8ne actuellement aupr\u00e8s des entreprises. Il s\u2019agit d\u2019une enqu\u00eate qui a d\u00e9marr\u00e9 le 17 avril et qui s\u2019\u00e9talera [&hellip;]<\/p>\n","protected":false},"author":1787,"featured_media":0,"comment_status":"closed","ping_status":"closed","sticky":false,"template":"","format":"standard","meta":{"fifu_image_url":"","fifu_image_alt":"","footnotes":""},"categories":[78,54],"tags":[],"class_list":["post-83347","post","type-post","status-publish","format-standard","hentry","category-economie","category-maroc"],"_links":{"self":[{"href":"https:\/\/linitiative.ca\/International\/wp-json\/wp\/v2\/posts\/83347","targetHints":{"allow":["GET"]}}],"collection":[{"href":"https:\/\/linitiative.ca\/International\/wp-json\/wp\/v2\/posts"}],"about":[{"href":"https:\/\/linitiative.ca\/International\/wp-json\/wp\/v2\/types\/post"}],"author":[{"embeddable":true,"href":"https:\/\/linitiative.ca\/International\/wp-json\/wp\/v2\/users\/1787"}],"replies":[{"embeddable":true,"href":"https:\/\/linitiative.ca\/International\/wp-json\/wp\/v2\/comments?post=83347"}],"version-history":[{"count":0,"href":"https:\/\/linitiative.ca\/International\/wp-json\/wp\/v2\/posts\/83347\/revisions"}],"wp:attachment":[{"href":"https:\/\/linitiative.ca\/International\/wp-json\/wp\/v2\/media?parent=83347"}],"wp:term":[{"taxonomy":"category","embeddable":true,"href":"https:\/\/linitiative.ca\/International\/wp-json\/wp\/v2\/categories?post=83347"},{"taxonomy":"post_tag","embeddable":true,"href":"https:\/\/linitiative.ca\/International\/wp-json\/wp\/v2\/tags?post=83347"}],"curies":[{"name":"wp","href":"https:\/\/api.w.org\/{rel}","templated":true}]}}