{"id":83348,"date":"2020-04-24T15:24:18","date_gmt":"2020-04-24T19:24:18","guid":{"rendered":"https:\/\/linitiative.ca\/International\/tunisie-images-protestations-et-affrontements-avec-la-police-a-sahline\/"},"modified":"2020-04-24T15:24:18","modified_gmt":"2020-04-24T19:24:18","slug":"tunisie-images-protestations-et-affrontements-avec-la-police-a-sahline","status":"publish","type":"post","link":"https:\/\/linitiative.ca\/International\/tunisie-images-protestations-et-affrontements-avec-la-police-a-sahline\/","title":{"rendered":"Tunisie \u2013 IMAGES\u00a0: Protestations et affrontements avec la police \u00e0 Sahline"},"content":{"rendered":"<div class=\"post-cont-in left relative\">\n<p>Des protestations ont \u00e9clat\u00e9 ce vendredi en d\u00e9but de journ\u00e9e, dans la localit\u00e9 de Sahline, suite \u00e0 l\u2019intervention des forces de l\u2019ordre pour emp\u00eacher les marchands ambulants d\u2019installer leurs \u00e9talages sur la voie publique. L\u2019action a \u00e9t\u00e9 suivie par une s\u00e9rie d\u2019arrestations dans le rang des protestataires.<\/p>\n<div class=\"code-block code-block-1 c3\"><ins class=\"adsbygoogle c2\" data-ad-layout=\"in-article\" data-ad-format=\"fluid\" data-ad-client=\"ca-pub-2102118777505746\" data-ad-slot=\"7301775417\"\/> <\/div>\n<p><img loading=\"lazy\" decoding=\"async\" class=\"aligncenter size-full wp-image-516609\" src=\"https:\/\/www.tunisienumerique.com\/wp-content\/uploads\/2020\/04\/sah1.jpg\" alt=\"\" width=\"720\" height=\"405\"\/><\/p>\n<p><img loading=\"lazy\" decoding=\"async\" class=\"aligncenter size-full wp-image-516610\" src=\"https:\/\/www.tunisienumerique.com\/wp-content\/uploads\/2020\/04\/sah2.jpg\" alt=\"\" width=\"720\" height=\"405\"\/><\/p>\n<div class=\"swp_social_panel swp_horizontal_panel swp_flat_fresh swp_default_full_color swp_individual_full_color swp_other_full_color scale-100 scale-\" data-min-width=\"1100\" data-float-color=\"#ffffff\" data-float=\"bottom\" data-float-mobile=\"bottom\" data-transition=\"slide\">\n<div class=\"nc_tweetContainer swp_share_button total_shares total_sharesalt\"><span class=\"swp_count\">36 <span class=\"swp_label\">Partages<\/span><\/span><\/div>\n<\/div>\n<p><strong>Que se passe-t-il en Tunisie?<\/strong><br \/>Nous expliquons sur notre <a href=\"https:\/\/www.youtube.com\/channel\/UCRzypVq0B_yBad5eGrwBx0Q?sub_confirmation=1\" target=\"_blank\" rel=\"noopener noreferrer\">cha\u00eene YouTube<\/a> . <a href=\"https:\/\/www.youtube.com\/channel\/UCRzypVq0B_yBad5eGrwBx0Q?sub_confirmation=1\" target=\"_blank\" rel=\"noopener noreferrer\">Abonnez-vous!<\/a><\/p>\n<div class=\"mvp-org-wrap mvp-org-logo\" itemprop=\"publisher\" itemscope=\"\" itemtype=\"https:\/\/schema.org\/Organization\"><img decoding=\"async\" src=\"https:\/\/www.tunisienumerique.com\/wp-content\/uploads\/2017\/02\/logo_tunisie_numerique.png\"\/><\/div>\n<div class=\"mvp-related-posts left relative\">\n<h4 class=\"post-header\"><span class=\"post-header\">Lire aussi<\/span><\/h4>\n<\/div>\n<div id=\"article-ad\"><ins class=\"adsbygoogle c4\" data-ad-client=\"ca-pub-2102118777505746\" data-ad-slot=\"6513972734\" data-ad-format=\"auto\" data-full-width-responsive=\"true\"\/> <\/div>\n<\/div>\n<div id=\"post-sidebar-wrap\"><ins class=\"adsbygoogle c4\" data-ad-client=\"ca-pub-2102118777505746\" data-ad-slot=\"6168283410\" data-ad-format=\"auto\" data-full-width-responsive=\"true\"\/> <\/div>\n<p>Auteur: LM<br \/>\n<a href=\"https:\/\/www.tunisienumerique.com\/tunisie-images-protestations-et-affrontements-avec-la-police-a-sahline\/\">Cliquez ici pour lire l&rsquo;article depuis sa source.<\/a><\/p>\n","protected":false},"excerpt":{"rendered":"<p>Des protestations ont \u00e9clat\u00e9 ce vendredi en d\u00e9but de journ\u00e9e, dans la localit\u00e9 de Sahline, suite \u00e0 l\u2019intervention des forces de l\u2019ordre pour emp\u00eacher les marchands ambulants d\u2019installer leurs \u00e9talages sur la voie publique. L\u2019action a \u00e9t\u00e9 suivie par une s\u00e9rie d\u2019arrestations dans le rang des protestataires. 36 Partages Que se passe-t-il en Tunisie?Nous expliquons [&hellip;]<\/p>\n","protected":false},"author":1789,"featured_media":0,"comment_status":"closed","ping_status":"closed","sticky":false,"template":"","format":"standard","meta":{"fifu_image_url":"","fifu_image_alt":"","footnotes":""},"categories":[73,55],"tags":[],"class_list":["post-83348","post","type-post","status-publish","format-standard","hentry","category-actualite","category-tunisie"],"_links":{"self":[{"href":"https:\/\/linitiative.ca\/International\/wp-json\/wp\/v2\/posts\/83348","targetHints":{"allow":["GET"]}}],"collection":[{"href":"https:\/\/linitiative.ca\/International\/wp-json\/wp\/v2\/posts"}],"about":[{"href":"https:\/\/linitiative.ca\/International\/wp-json\/wp\/v2\/types\/post"}],"author":[{"embeddable":true,"href":"https:\/\/linitiative.ca\/International\/wp-json\/wp\/v2\/users\/1789"}],"replies":[{"embeddable":true,"href":"https:\/\/linitiative.ca\/International\/wp-json\/wp\/v2\/comments?post=83348"}],"version-history":[{"count":0,"href":"https:\/\/linitiative.ca\/International\/wp-json\/wp\/v2\/posts\/83348\/revisions"}],"wp:attachment":[{"href":"https:\/\/linitiative.ca\/International\/wp-json\/wp\/v2\/media?parent=83348"}],"wp:term":[{"taxonomy":"category","embeddable":true,"href":"https:\/\/linitiative.ca\/International\/wp-json\/wp\/v2\/categories?post=83348"},{"taxonomy":"post_tag","embeddable":true,"href":"https:\/\/linitiative.ca\/International\/wp-json\/wp\/v2\/tags?post=83348"}],"curies":[{"name":"wp","href":"https:\/\/api.w.org\/{rel}","templated":true}]}}