{"id":83353,"date":"2020-04-24T05:39:06","date_gmt":"2020-04-24T09:39:06","guid":{"rendered":"https:\/\/linitiative.ca\/International\/covid-19-au-burkina-faso-7-nouveaux-cas-confirmes-21-guerisons-et-2-deces-a-la-date-du-22-avril\/"},"modified":"2020-04-24T05:39:06","modified_gmt":"2020-04-24T09:39:06","slug":"covid-19-au-burkina-faso-7-nouveaux-cas-confirmes-21-guerisons-et-2-deces-a-la-date-du-22-avril","status":"publish","type":"post","link":"https:\/\/linitiative.ca\/International\/covid-19-au-burkina-faso-7-nouveaux-cas-confirmes-21-guerisons-et-2-deces-a-la-date-du-22-avril\/","title":{"rendered":"Covid-19 au Burkina Faso: 7 nouveaux cas confirm\u00e9s, 21 gu\u00e9risons et 2 d\u00e9c\u00e8s \u00e0 la date du 22 avril"},"content":{"rendered":"<div class=\"td-post-sharing-top td-post-sharing td-ps-bg td-ps-padding td-ps-bar td-post-sharing-style6\">\n<div class=\"td-post-sharing-visible\"><a class=\"td-social-sharing-button td-social-sharing-button-js td-social-network td-social-facebook\" href=\"https:\/\/www.facebook.com\/sharer.php?u=https%3A%2F%2Fwww.sidwaya.info%2Fblog%2F2020%2F04%2F24%2Fcovid-19-au-burkina-faso-7-nouveaux-cas-confirmes-21-guerisons-et-2-deces-a-la-date-du-22-avril%2F\"\/><\/p>\n<p>Facebook<\/p>\n<p><a class=\"td-social-sharing-button td-social-sharing-button-js td-social-network td-social-twitter\" href=\"https:\/\/twitter.com\/intent\/tweet?text=Covid-19+au+Burkina+Faso%3A+7+nouveaux+cas+confirm%C3%A9s%2C+21+gu%C3%A9risons+et+2+d%C3%A9c%C3%A8s+%C3%A0+la+date+du+22+avril&amp;url=https%3A%2F%2Fwww.sidwaya.info%2Fblog%2F2020%2F04%2F24%2Fcovid-19-au-burkina-faso-7-nouveaux-cas-confirmes-21-guerisons-et-2-deces-a-la-date-du-22-avril%2F&amp;via=Quotidien+Sidwaya\"\/><\/p>\n<p>Twitter<\/p>\n<p><a class=\"td-social-sharing-button td-social-sharing-button-js td-social-network td-social-pinterest\" href=\"https:\/\/pinterest.com\/pin\/create\/button\/?url=https:\/\/www.sidwaya.info\/blog\/2020\/04\/24\/covid-19-au-burkina-faso-7-nouveaux-cas-confirmes-21-guerisons-et-2-deces-a-la-date-du-22-avril\/&amp;media=https:\/\/www.sidwaya.info\/wp-content\/uploads\/2020\/04\/images-1.jpg&amp;description=Covid-19+au+Burkina+Faso%3A+7+nouveaux+cas+confirm%C3%A9s%2C+21+gu%C3%A9risons+et+2+d%C3%A9c%C3%A8s+%C3%A0+la+date+du+22+avril\"\/><\/p>\n<p>Pinterest<\/p>\n<p><a class=\"td-social-sharing-button td-social-sharing-button-js td-social-network td-social-whatsapp\" href=\"whatsapp:\/\/send?text=Covid-19+au+Burkina+Faso%3A+7+nouveaux+cas+confirm%C3%A9s%2C+21+gu%C3%A9risons+et+2+d%C3%A9c%C3%A8s+%C3%A0+la+date+du+22+avril%20%0A%0A%20https:\/\/www.sidwaya.info\/blog\/2020\/04\/24\/covid-19-au-burkina-faso-7-nouveaux-cas-confirmes-21-guerisons-et-2-deces-a-la-date-du-22-avril\/\"\/><\/p>\n<p>WhatsApp<\/p>\n<p><a class=\"td-social-sharing-button td-social-sharing-button-js td-social-network td-social-linkedin\" href=\"https:\/\/www.linkedin.com\/shareArticle?mini=true&amp;url=https:\/\/www.sidwaya.info\/blog\/2020\/04\/24\/covid-19-au-burkina-faso-7-nouveaux-cas-confirmes-21-guerisons-et-2-deces-a-la-date-du-22-avril\/&amp;title=Covid-19+au+Burkina+Faso%3A+7+nouveaux+cas+confirm%C3%A9s%2C+21+gu%C3%A9risons+et+2+d%C3%A9c%C3%A8s+%C3%A0+la+date+du+22+avril\"\/><\/p>\n<p>Linkedin<\/p>\n<p><a class=\"td-social-sharing-button td-social-sharing-button-js td-social-network td-social-mail\" href=\"mailto:?subject=Covid-19%20au%20Burkina%20Faso:%207%20nouveaux%20cas%20confirm%C3%A9s,%2021%20gu%C3%A9risons%20et%202%20d%C3%A9c%C3%A8s%20%C3%A0%20la%20date%20du%2022%20avril&amp;body=https:\/\/www.sidwaya.info\/blog\/2020\/04\/24\/covid-19-au-burkina-faso-7-nouveaux-cas-confirmes-21-guerisons-et-2-deces-a-la-date-du-22-avril\/\"\/><\/p>\n<p>Email<\/p>\n<p><a class=\"td-social-sharing-button td-social-sharing-button-js td-social-network td-social-print\" href=\"#\"\/><\/p>\n<p>Print<\/p>\n<p><a class=\"td-social-sharing-button td-social-sharing-button-js td-social-network td-social-tumblr\" href=\"https:\/\/www.tumblr.com\/share\/link?url=https:\/\/www.sidwaya.info\/blog\/2020\/04\/24\/covid-19-au-burkina-faso-7-nouveaux-cas-confirmes-21-guerisons-et-2-deces-a-la-date-du-22-avril\/&amp;name=Covid-19%20au%20Burkina%20Faso:%207%20nouveaux%20cas%20confirm%C3%A9s,%2021%20gu%C3%A9risons%20et%202%20d%C3%A9c%C3%A8s%20%C3%A0%20la%20date%20du%2022%20avril\"\/><\/p>\n<p>Tumblr<\/p>\n<p><a class=\"td-social-sharing-button td-social-sharing-button-js td-social-network td-social-telegram\" href=\"https:\/\/telegram.me\/share\/url?url=https:\/\/www.sidwaya.info\/blog\/2020\/04\/24\/covid-19-au-burkina-faso-7-nouveaux-cas-confirmes-21-guerisons-et-2-deces-a-la-date-du-22-avril\/&amp;text=Covid-19+au+Burkina+Faso%3A+7+nouveaux+cas+confirm%C3%A9s%2C+21+gu%C3%A9risons+et+2+d%C3%A9c%C3%A8s+%C3%A0+la+date+du+22+avril\"\/><\/p>\n<p>Telegram<\/p>\n<p><a class=\"td-social-sharing-button td-social-sharing-button-js td-social-network td-social-viber\" href=\"viber:\/\/forward?text=Covid-19+au+Burkina+Faso%3A+7+nouveaux+cas+confirm%C3%A9s%2C+21+gu%C3%A9risons+et+2+d%C3%A9c%C3%A8s+%C3%A0+la+date+du+22+avril%20https:\/\/www.sidwaya.info\/blog\/2020\/04\/24\/covid-19-au-burkina-faso-7-nouveaux-cas-confirmes-21-guerisons-et-2-deces-a-la-date-du-22-avril\/\"\/><\/p>\n<p>Viber<\/p>\n<p><a class=\"td-social-sharing-button td-social-sharing-button-js td-social-network td-social-naver\" href=\"https:\/\/share.naver.com\/web\/shareView.nhn?url=https:\/\/www.sidwaya.info\/blog\/2020\/04\/24\/covid-19-au-burkina-faso-7-nouveaux-cas-confirmes-21-guerisons-et-2-deces-a-la-date-du-22-avril\/&amp;title=Covid-19+au+Burkina+Faso%3A+7+nouveaux+cas+confirm%C3%A9s%2C+21+gu%C3%A9risons+et+2+d%C3%A9c%C3%A8s+%C3%A0+la+date+du+22+avril\"\/><\/p>\n<p>Naver<\/p>\n<\/div>\n<\/div>\n<div class=\"td-post-content tagdiv-type\" readability=\"50\">\n<div class=\"td-post-featured-image\"><a href=\"https:\/\/www.sidwaya.info\/wp-content\/uploads\/2020\/04\/images-1.jpg\" data-caption=\"\"><img loading=\"lazy\" decoding=\"async\" width=\"696\" height=\"390\" class=\"entry-thumb td-modal-image\" src=\"https:\/\/www.sidwaya.info\/wp-content\/uploads\/2020\/04\/images-1-696x390.jpg\" srcset=\"https:\/\/www.sidwaya.info\/wp-content\/uploads\/2020\/04\/images-1-696x390.jpg 696w, https:\/\/www.sidwaya.info\/wp-content\/uploads\/2020\/04\/images-1-300x168.jpg 300w, https:\/\/www.sidwaya.info\/wp-content\/uploads\/2020\/04\/images-1-600x336.jpg 600w, https:\/\/www.sidwaya.info\/wp-content\/uploads\/2020\/04\/images-1.jpg 700w\" sizes=\"auto, (max-width: 696px) 100vw, 696px\" alt=\"\" title=\"images\"\/><\/a><\/div>\n<p>A la date du 22\u00a0 avril 2020, la situation de la maladie \u00e0 Coronavirus au Burkina Faso se pr\u00e9sente comme suit :<\/p>\n<p>-92 \u00e9chantillons analys\u00e9s dont 49 cas suspects et 43 contr\u00f4les ;<\/p>\n<p>-07 nouveaux cas confirm\u00e9s dont 06 \u00e0 Ouagadougou et 01 \u00e0 Bobo-Dioulasso ;<\/p>\n<p>-21 gu\u00e9risons, portant \u00e0 410, le total des gu\u00e9risons ;<\/p>\n<p>-02 d\u00e9c\u00e8s portant \u00e0 41, le total des d\u00e9c\u00e8s.<\/p>\n<p>Aujourd\u2019hui 165 cas sont tous sous traitement.<\/p>\n<p>Ainsi depuis le 09 mars 2020, 616 cas ont \u00e9t\u00e9 confirm\u00e9s dont 242 femmes et 374 hommes.<\/p>\n<p>Le communiqu\u00e9 du SIG<\/p>\n<div><img loading=\"lazy\" decoding=\"async\" class=\"alignleft size-full wp-image-21390\" src=\"https:\/\/www.sidwaya.info\/wp-content\/uploads\/2020\/04\/covi22.png\" alt=\"\" width=\"700\" height=\"904\" srcset=\"https:\/\/www.sidwaya.info\/wp-content\/uploads\/2020\/04\/covi22.png 700w, https:\/\/www.sidwaya.info\/wp-content\/uploads\/2020\/04\/covi22-232x300.png 232w, https:\/\/www.sidwaya.info\/wp-content\/uploads\/2020\/04\/covi22-696x899.png 696w, https:\/\/www.sidwaya.info\/wp-content\/uploads\/2020\/04\/covi22-325x420.png 325w, https:\/\/www.sidwaya.info\/wp-content\/uploads\/2020\/04\/covi22-600x775.png 600w\" sizes=\"auto, (max-width: 700px) 100vw, 700px\"\/><\/div>\n<div class=\"td-a-rec td-a-rec-id-content_bottom tdi_30_35d td_block_template_1\"><img loading=\"lazy\" decoding=\"async\" class=\"aligncenter size-full wp-image-9623\" src=\"https:\/\/www.sidwaya.info\/wp-content\/uploads\/2019\/06\/Projet-bannie%CC%80re-Orange-mobile.jpg\" alt=\"\" width=\"728\" height=\"81\"\/><\/div>\n<\/div>\n<footer>\n<div class=\"td-post-sharing-bottom\">\n<p><iframe frameborder=\"0\" src=\"https:\/\/www.facebook.com\/plugins\/like.php?href=https:\/\/www.sidwaya.info\/blog\/2020\/04\/24\/covid-19-au-burkina-faso-7-nouveaux-cas-confirmes-21-guerisons-et-2-deces-a-la-date-du-22-avril\/&amp;layout=button_count&amp;show_faces=false&amp;width=105&amp;action=like&amp;colorscheme=light&amp;height=21\" class=\"c1\">[embedded content]<\/iframe><\/p>\n<div id=\"td_social_sharing_article_bottom\" class=\"td-post-sharing td-ps-bg td-ps-padding td-post-sharing-style7\">\n<div class=\"td-post-sharing-visible\"><a class=\"td-social-sharing-button td-social-sharing-button-js td-social-network td-social-facebook\" href=\"https:\/\/www.facebook.com\/sharer.php?u=https%3A%2F%2Fwww.sidwaya.info%2Fblog%2F2020%2F04%2F24%2Fcovid-19-au-burkina-faso-7-nouveaux-cas-confirmes-21-guerisons-et-2-deces-a-la-date-du-22-avril%2F\"\/><\/p>\n<p>Facebook<\/p>\n<p><a class=\"td-social-sharing-button td-social-sharing-button-js td-social-network td-social-twitter\" href=\"https:\/\/twitter.com\/intent\/tweet?text=Covid-19+au+Burkina+Faso%3A+7+nouveaux+cas+confirm%C3%A9s%2C+21+gu%C3%A9risons+et+2+d%C3%A9c%C3%A8s+%C3%A0+la+date+du+22+avril&amp;url=https%3A%2F%2Fwww.sidwaya.info%2Fblog%2F2020%2F04%2F24%2Fcovid-19-au-burkina-faso-7-nouveaux-cas-confirmes-21-guerisons-et-2-deces-a-la-date-du-22-avril%2F&amp;via=Quotidien+Sidwaya\"\/><\/p>\n<p>Twitter<\/p>\n<p><a class=\"td-social-sharing-button td-social-sharing-button-js td-social-network td-social-pinterest\" href=\"https:\/\/pinterest.com\/pin\/create\/button\/?url=https:\/\/www.sidwaya.info\/blog\/2020\/04\/24\/covid-19-au-burkina-faso-7-nouveaux-cas-confirmes-21-guerisons-et-2-deces-a-la-date-du-22-avril\/&amp;media=https:\/\/www.sidwaya.info\/wp-content\/uploads\/2020\/04\/images-1.jpg&amp;description=Covid-19+au+Burkina+Faso%3A+7+nouveaux+cas+confirm%C3%A9s%2C+21+gu%C3%A9risons+et+2+d%C3%A9c%C3%A8s+%C3%A0+la+date+du+22+avril\"\/><\/p>\n<p>Pinterest<\/p>\n<p><a class=\"td-social-sharing-button td-social-sharing-button-js td-social-network td-social-whatsapp\" href=\"whatsapp:\/\/send?text=Covid-19+au+Burkina+Faso%3A+7+nouveaux+cas+confirm%C3%A9s%2C+21+gu%C3%A9risons+et+2+d%C3%A9c%C3%A8s+%C3%A0+la+date+du+22+avril%20%0A%0A%20https:\/\/www.sidwaya.info\/blog\/2020\/04\/24\/covid-19-au-burkina-faso-7-nouveaux-cas-confirmes-21-guerisons-et-2-deces-a-la-date-du-22-avril\/\"\/><\/p>\n<p>WhatsApp<\/p>\n<p><a class=\"td-social-sharing-button td-social-sharing-button-js td-social-network td-social-linkedin\" href=\"https:\/\/www.linkedin.com\/shareArticle?mini=true&amp;url=https:\/\/www.sidwaya.info\/blog\/2020\/04\/24\/covid-19-au-burkina-faso-7-nouveaux-cas-confirmes-21-guerisons-et-2-deces-a-la-date-du-22-avril\/&amp;title=Covid-19+au+Burkina+Faso%3A+7+nouveaux+cas+confirm%C3%A9s%2C+21+gu%C3%A9risons+et+2+d%C3%A9c%C3%A8s+%C3%A0+la+date+du+22+avril\"\/><\/p>\n<p>Linkedin<\/p>\n<p><a class=\"td-social-sharing-button td-social-sharing-button-js td-social-network td-social-mail\" href=\"mailto:?subject=Covid-19%20au%20Burkina%20Faso:%207%20nouveaux%20cas%20confirm%C3%A9s,%2021%20gu%C3%A9risons%20et%202%20d%C3%A9c%C3%A8s%20%C3%A0%20la%20date%20du%2022%20avril&amp;body=https:\/\/www.sidwaya.info\/blog\/2020\/04\/24\/covid-19-au-burkina-faso-7-nouveaux-cas-confirmes-21-guerisons-et-2-deces-a-la-date-du-22-avril\/\"\/><\/p>\n<p>Email<\/p>\n<p><a class=\"td-social-sharing-button td-social-sharing-button-js td-social-network td-social-print\" href=\"#\"\/><\/p>\n<p>Print<\/p>\n<p><a class=\"td-social-sharing-button td-social-sharing-button-js td-social-network td-social-tumblr\" href=\"https:\/\/www.tumblr.com\/share\/link?url=https:\/\/www.sidwaya.info\/blog\/2020\/04\/24\/covid-19-au-burkina-faso-7-nouveaux-cas-confirmes-21-guerisons-et-2-deces-a-la-date-du-22-avril\/&amp;name=Covid-19%20au%20Burkina%20Faso:%207%20nouveaux%20cas%20confirm%C3%A9s,%2021%20gu%C3%A9risons%20et%202%20d%C3%A9c%C3%A8s%20%C3%A0%20la%20date%20du%2022%20avril\"\/><\/p>\n<p>Tumblr<\/p>\n<p><a class=\"td-social-sharing-button td-social-sharing-button-js td-social-network td-social-telegram\" href=\"https:\/\/telegram.me\/share\/url?url=https:\/\/www.sidwaya.info\/blog\/2020\/04\/24\/covid-19-au-burkina-faso-7-nouveaux-cas-confirmes-21-guerisons-et-2-deces-a-la-date-du-22-avril\/&amp;text=Covid-19+au+Burkina+Faso%3A+7+nouveaux+cas+confirm%C3%A9s%2C+21+gu%C3%A9risons+et+2+d%C3%A9c%C3%A8s+%C3%A0+la+date+du+22+avril\"\/><\/p>\n<p>Telegram<\/p>\n<p><a class=\"td-social-sharing-button td-social-sharing-button-js td-social-network td-social-viber\" href=\"viber:\/\/forward?text=Covid-19+au+Burkina+Faso%3A+7+nouveaux+cas+confirm%C3%A9s%2C+21+gu%C3%A9risons+et+2+d%C3%A9c%C3%A8s+%C3%A0+la+date+du+22+avril%20https:\/\/www.sidwaya.info\/blog\/2020\/04\/24\/covid-19-au-burkina-faso-7-nouveaux-cas-confirmes-21-guerisons-et-2-deces-a-la-date-du-22-avril\/\"\/><\/p>\n<p>Viber<\/p>\n<p><a class=\"td-social-sharing-button td-social-sharing-button-js td-social-network td-social-naver\" href=\"https:\/\/share.naver.com\/web\/shareView.nhn?url=https:\/\/www.sidwaya.info\/blog\/2020\/04\/24\/covid-19-au-burkina-faso-7-nouveaux-cas-confirmes-21-guerisons-et-2-deces-a-la-date-du-22-avril\/&amp;title=Covid-19+au+Burkina+Faso%3A+7+nouveaux+cas+confirm%C3%A9s%2C+21+gu%C3%A9risons+et+2+d%C3%A9c%C3%A8s+%C3%A0+la+date+du+22+avril\"\/><\/p>\n<p>Naver<\/p>\n<\/div>\n<\/div>\n<\/div>\n<div class=\"td-block-row td-post-next-prev\">\n<div class=\"td-block-span6 td-post-prev-post td-post-next-prev-content\"><span>Article pr\u00e9c\u00e9dent<\/span><a href=\"https:\/\/www.sidwaya.info\/blog\/2020\/04\/23\/une-du-24-04-2020\/\">Une du 24-04-2020<\/a><\/div>\n<div class=\"td-block-span6 td-post-next-post td-post-next-prev-content\"><span>Article suivant<\/span><a href=\"https:\/\/www.sidwaya.info\/blog\/2020\/04\/24\/reouverture-des-ecoles-le-plan-de-continuite-educative-presente-aux-gouverneurs\/\">R\u00e9ouverture des \u00e9coles: Le plan de continuit\u00e9 \u00e9ducative pr\u00e9sent\u00e9 aux gouverneurs<\/a><\/div>\n<\/div>\n<\/footer>\n<p>Auteur: BS. Sidwaya<br \/>\n<a href=\"https:\/\/www.sidwaya.info\/blog\/2020\/04\/24\/covid-19-au-burkina-faso-7-nouveaux-cas-confirmes-21-guerisons-et-2-deces-a-la-date-du-22-avril\/\">Cliquez ici pour lire l&rsquo;article depuis sa source.<\/a><\/p>\n","protected":false},"excerpt":{"rendered":"<p>Facebook Twitter Pinterest WhatsApp Linkedin Email Print Tumblr Telegram Viber Naver A la date du 22\u00a0 avril 2020, la situation de la maladie \u00e0 Coronavirus au Burkina Faso se pr\u00e9sente comme suit : -92 \u00e9chantillons analys\u00e9s dont 49 cas suspects et 43 contr\u00f4les ; -07 nouveaux cas confirm\u00e9s dont 06 \u00e0 Ouagadougou et 01 \u00e0 [&hellip;]<\/p>\n","protected":false},"author":1816,"featured_media":0,"comment_status":"closed","ping_status":"closed","sticky":false,"template":"","format":"standard","meta":{"fifu_image_url":"","fifu_image_alt":"","footnotes":""},"categories":[73,81],"tags":[],"class_list":["post-83353","post","type-post","status-publish","format-standard","hentry","category-actualite","category-burkina-faso"],"_links":{"self":[{"href":"https:\/\/linitiative.ca\/International\/wp-json\/wp\/v2\/posts\/83353","targetHints":{"allow":["GET"]}}],"collection":[{"href":"https:\/\/linitiative.ca\/International\/wp-json\/wp\/v2\/posts"}],"about":[{"href":"https:\/\/linitiative.ca\/International\/wp-json\/wp\/v2\/types\/post"}],"author":[{"embeddable":true,"href":"https:\/\/linitiative.ca\/International\/wp-json\/wp\/v2\/users\/1816"}],"replies":[{"embeddable":true,"href":"https:\/\/linitiative.ca\/International\/wp-json\/wp\/v2\/comments?post=83353"}],"version-history":[{"count":0,"href":"https:\/\/linitiative.ca\/International\/wp-json\/wp\/v2\/posts\/83353\/revisions"}],"wp:attachment":[{"href":"https:\/\/linitiative.ca\/International\/wp-json\/wp\/v2\/media?parent=83353"}],"wp:term":[{"taxonomy":"category","embeddable":true,"href":"https:\/\/linitiative.ca\/International\/wp-json\/wp\/v2\/categories?post=83353"},{"taxonomy":"post_tag","embeddable":true,"href":"https:\/\/linitiative.ca\/International\/wp-json\/wp\/v2\/tags?post=83353"}],"curies":[{"name":"wp","href":"https:\/\/api.w.org\/{rel}","templated":true}]}}