{"id":83354,"date":"2020-04-24T11:39:18","date_gmt":"2020-04-24T15:39:18","guid":{"rendered":"https:\/\/linitiative.ca\/International\/reouverture-des-ecoles-le-plan-de-continuite-educative-presente-aux-gouverneurs\/"},"modified":"2020-04-24T11:39:18","modified_gmt":"2020-04-24T15:39:18","slug":"reouverture-des-ecoles-le-plan-de-continuite-educative-presente-aux-gouverneurs","status":"publish","type":"post","link":"https:\/\/linitiative.ca\/International\/reouverture-des-ecoles-le-plan-de-continuite-educative-presente-aux-gouverneurs\/","title":{"rendered":"R\u00e9ouverture des \u00e9coles: Le plan de continuit\u00e9 \u00e9ducative pr\u00e9sent\u00e9 aux gouverneurs"},"content":{"rendered":"<div class=\"td-post-featured-image\"><a href=\"https:\/\/www.sidwaya.info\/wp-content\/uploads\/2020\/04\/1mena.jpg\" data-caption=\"\"><img loading=\"lazy\" decoding=\"async\" width=\"696\" height=\"464\" class=\"entry-thumb td-modal-image\" src=\"https:\/\/www.sidwaya.info\/wp-content\/uploads\/2020\/04\/1mena-696x464.jpg\" srcset=\"https:\/\/www.sidwaya.info\/wp-content\/uploads\/2020\/04\/1mena-696x464.jpg 696w, https:\/\/www.sidwaya.info\/wp-content\/uploads\/2020\/04\/1mena-300x200.jpg 300w, https:\/\/www.sidwaya.info\/wp-content\/uploads\/2020\/04\/1mena-768x512.jpg 768w, https:\/\/www.sidwaya.info\/wp-content\/uploads\/2020\/04\/1mena-630x420.jpg 630w, https:\/\/www.sidwaya.info\/wp-content\/uploads\/2020\/04\/1mena-600x400.jpg 600w, https:\/\/www.sidwaya.info\/wp-content\/uploads\/2020\/04\/1mena.jpg 900w\" sizes=\"auto, (max-width: 696px) 100vw, 696px\" alt=\"\" title=\"1mena\"\/><\/a><\/div>\n<p><strong>Le ministre de l\u2019Education nationale, de l\u2019Alphab\u00e9tisation et de la Promotion des langues nationales, Pr Stanislas Ouaro, a pr\u00e9sent\u00e9 le plan de riposte de son d\u00e9partement pour la continuit\u00e9 \u00e9ducative dans le contexte du COVID-19 aux gouverneurs des r\u00e9gions et aux directeurs r\u00e9gionaux de l\u2019\u00e9ducation nationale, le vendredi 24 avril 2020 \u00e0 Ouagadougou.<\/strong><\/p>\n<p><strong>\u00a0<\/strong>Lors du conseil des ministres du 16 avril dernier, le plan de riposte du minist\u00e8re de l\u2019Education nationale, de l\u2019Alphab\u00e9tisation et de la Promotion des langues nationales (MENAPLN) pour la continuit\u00e9 \u00e9ducative dans le contexte du COVID-19 a \u00e9t\u00e9 adopt\u00e9. A quelques jours de la reprise des cours, ledit plan a \u00e9t\u00e9 pr\u00e9sent\u00e9 aux gouverneurs des r\u00e9gions et aux directeurs r\u00e9gionaux de l\u2019\u00e9ducation nationale, le vendredi 24 avril 2020 \u00e0 Ouagadougou par le ministre en charge de l\u2019Education nationale, Pr Stanislas Ouaro. La rencontre a \u00e9t\u00e9 suivie d\u2019\u00e9changes avec les participants en vue de la mise en \u0153uvre effective du plan. Pour le Pr Ouaro, il est envisag\u00e9 dans un premier temps une reprise administrative qui sera suivie de celle p\u00e9dagogique. <em>\u00ab\u00a0Nous souhaitons que le personnel administratif et les enseignants soient en poste pour pr\u00e9parer progressivement la reprise dans le sens du respect des mesures barri\u00e8res. Ce qui n\u00e9cessite une r\u00e9organisation des effectifs et des classes\u00a0\u00bb<\/em>, a-t-il expliqu\u00e9. Et de pr\u00e9ciser que les activit\u00e9s vont reprendre en fonction de l\u2019\u00e9volution de l\u2019\u00e9pid\u00e9mie. Le ministre a indiqu\u00e9 que pour la mise en \u0153uvre effective du plan de riposte pour la continuit\u00e9 \u00e9ducative, il \u00e9tait important d\u2019\u00e9changer avec les gouverneurs et les directeurs r\u00e9gionaux de l\u2019\u00e9ducation nationale. <em>\u00ab\u00a0Le syst\u00e8me \u00e9ducatif fait face aujourd\u2019hui \u00e0 deux d\u00e9fis qui sont s\u00e9curitaires et sanitaires. Ces acteurs nous ont toujours accompagn\u00e9s. Il \u00e9tait n\u00e9cessaire de voir aussi la situation de l\u2019\u00e9pid\u00e9mie au niveau r\u00e9gional pour mieux articuler la reprise des cours\u00a0\u00bb<\/em>, a soulign\u00e9 Pr Stanislas Ouaro.<\/p>\n<p><strong>Une plateforme web \u00e9ducative<\/strong><\/p>\n<div class=\"td-a-rec td-a-rec-id-content_inline tdi_30_332 td_block_template_1\"><img loading=\"lazy\" decoding=\"async\" class=\"aligncenter size-full wp-image-21314\" src=\"https:\/\/www.sidwaya.info\/wp-content\/uploads\/2020\/04\/Bandeau-Covid-19-Sidwaya-1.jpg\" alt=\"\" width=\"790\" height=\"98\"\/><\/div>\n<p>A l\u2019entendre, la reprise des cours va s\u2019inscrire dans une logique de faire en sorte que le monde de l\u2019\u00e9ducation soit un acteur de lutte contre la propagation du COVID-19. L\u2019objectif, a-t-il dit, est de reprendre tout en prot\u00e9geant les enseignants, les \u00e9l\u00e8ves et les parents d\u2019\u00e9l\u00e8ves.<\/p>\n<p>Aux participants \u00e0 la rencontre, le ministre a rappel\u00e9 que le plan de riposte pour la continuit\u00e9 \u00e9ducative a \u00e9t\u00e9, avant son adoption en conseil des ministres, pr\u00e9sent\u00e9 aux partenaires de l\u2019\u00e9ducation que sont les parents d\u2019\u00e9l\u00e8ves, les structures faiti\u00e8res de l\u2019enseignement priv\u00e9 et les syndicats de l\u2019\u00e9ducation. Il a \u00e9t\u00e9 aussi pr\u00e9sent\u00e9 aux partenaires techniques et financiers parmi lesquels certains ont d\u00e9j\u00e0 fait des annonces de financement. Est-ce que la date du 28 avril fix\u00e9 pour la reprise des cours sera effective\u00a0? <em>\u00ab\u00a0Pour le moment, cette date est maintenue. Vous serez inform\u00e9s si elle doit \u00e9voluer\u00a0\u00bb,<\/em> a r\u00e9pondu Pr Ouaro.<\/p>\n<p>Dans la dynamique d\u2019assurer la continuit\u00e9 \u00e9ducative, le MENAPLN a pr\u00e9conis\u00e9 \u00e9galement l\u2019utilisation des TIC. A ce titre, une plateforme web \u00e9ducative du minist\u00e8re a \u00e9t\u00e9 lanc\u00e9e \u00e0 l\u2019issue de la rencontre d\u2019\u00e9changes<em>. \u00ab\u00a0Cette plateforme qui est une base de donn\u00e9es de contenus p\u00e9dagogiques destin\u00e9s aux \u00e9l\u00e8ves et aux enseignants de tous les niveaux d\u2019enseignement est, pour le moment, aliment\u00e9e par des ressources p\u00e9dagogiques num\u00e9riques du primaire\u00a0\u00bb<\/em>, a pr\u00e9cis\u00e9 le ministre Ouaro.<\/p>\n<p><strong>Karim BADOLO<\/strong><\/p>\n<div class=\"td-a-rec td-a-rec-id-content_bottom tdi_31_4e5 td_block_template_1\"><img loading=\"lazy\" decoding=\"async\" class=\"aligncenter size-full wp-image-9623\" src=\"https:\/\/www.sidwaya.info\/wp-content\/uploads\/2019\/06\/Projet-bannie%CC%80re-Orange-mobile.jpg\" alt=\"\" width=\"728\" height=\"81\"\/><\/div>\n<p>Auteur: BS. Sidwaya<br \/>\n<a href=\"https:\/\/www.sidwaya.info\/blog\/2020\/04\/24\/reouverture-des-ecoles-le-plan-de-continuite-educative-presente-aux-gouverneurs\/\">Cliquez ici pour lire l&rsquo;article depuis sa source.<\/a><\/p>\n","protected":false},"excerpt":{"rendered":"<p>Le ministre de l\u2019Education nationale, de l\u2019Alphab\u00e9tisation et de la Promotion des langues nationales, Pr Stanislas Ouaro, a pr\u00e9sent\u00e9 le plan de riposte de son d\u00e9partement pour la continuit\u00e9 \u00e9ducative dans le contexte du COVID-19 aux gouverneurs des r\u00e9gions et aux directeurs r\u00e9gionaux de l\u2019\u00e9ducation nationale, le vendredi 24 avril 2020 \u00e0 Ouagadougou. \u00a0Lors du [&hellip;]<\/p>\n","protected":false},"author":1816,"featured_media":0,"comment_status":"closed","ping_status":"closed","sticky":false,"template":"","format":"standard","meta":{"fifu_image_url":"","fifu_image_alt":"","footnotes":""},"categories":[73,81],"tags":[],"class_list":["post-83354","post","type-post","status-publish","format-standard","hentry","category-actualite","category-burkina-faso"],"_links":{"self":[{"href":"https:\/\/linitiative.ca\/International\/wp-json\/wp\/v2\/posts\/83354","targetHints":{"allow":["GET"]}}],"collection":[{"href":"https:\/\/linitiative.ca\/International\/wp-json\/wp\/v2\/posts"}],"about":[{"href":"https:\/\/linitiative.ca\/International\/wp-json\/wp\/v2\/types\/post"}],"author":[{"embeddable":true,"href":"https:\/\/linitiative.ca\/International\/wp-json\/wp\/v2\/users\/1816"}],"replies":[{"embeddable":true,"href":"https:\/\/linitiative.ca\/International\/wp-json\/wp\/v2\/comments?post=83354"}],"version-history":[{"count":0,"href":"https:\/\/linitiative.ca\/International\/wp-json\/wp\/v2\/posts\/83354\/revisions"}],"wp:attachment":[{"href":"https:\/\/linitiative.ca\/International\/wp-json\/wp\/v2\/media?parent=83354"}],"wp:term":[{"taxonomy":"category","embeddable":true,"href":"https:\/\/linitiative.ca\/International\/wp-json\/wp\/v2\/categories?post=83354"},{"taxonomy":"post_tag","embeddable":true,"href":"https:\/\/linitiative.ca\/International\/wp-json\/wp\/v2\/tags?post=83354"}],"curies":[{"name":"wp","href":"https:\/\/api.w.org\/{rel}","templated":true}]}}