{"id":83355,"date":"2020-04-24T12:03:06","date_gmt":"2020-04-24T16:03:06","guid":{"rendered":"https:\/\/linitiative.ca\/International\/evolution-de-covid-19-au-burkina-a-la-date-du-24-avril-2020\/"},"modified":"2020-04-24T12:03:06","modified_gmt":"2020-04-24T16:03:06","slug":"evolution-de-covid-19-au-burkina-a-la-date-du-24-avril-2020","status":"publish","type":"post","link":"https:\/\/linitiative.ca\/International\/evolution-de-covid-19-au-burkina-a-la-date-du-24-avril-2020\/","title":{"rendered":"Evolution de covid-19 au Burkina\u00a0 \u00e0 la date du 24 avril 2020:"},"content":{"rendered":"<div class=\"td-post-sharing-top td-post-sharing td-ps-bg td-ps-padding td-ps-bar td-post-sharing-style6\">\n<div class=\"td-post-sharing-visible\"><a class=\"td-social-sharing-button td-social-sharing-button-js td-social-network td-social-facebook\" href=\"https:\/\/www.facebook.com\/sharer.php?u=https%3A%2F%2Fwww.sidwaya.info%2Fblog%2F2020%2F04%2F24%2Fevolution-de-covid-19-au-burkina-a-la-date-du-24-avril-2020%2F\"\/><\/p>\n<p>Facebook<\/p>\n<p><a class=\"td-social-sharing-button td-social-sharing-button-js td-social-network td-social-twitter\" href=\"https:\/\/twitter.com\/intent\/tweet?text=Evolution+de+covid-19+au+Burkina%C2%A0+%C3%A0+la+date+du+24+avril+2020%3A&amp;url=https%3A%2F%2Fwww.sidwaya.info%2Fblog%2F2020%2F04%2F24%2Fevolution-de-covid-19-au-burkina-a-la-date-du-24-avril-2020%2F&amp;via=Quotidien+Sidwaya\"\/><\/p>\n<p>Twitter<\/p>\n<p><a class=\"td-social-sharing-button td-social-sharing-button-js td-social-network td-social-pinterest\" href=\"https:\/\/pinterest.com\/pin\/create\/button\/?url=https:\/\/www.sidwaya.info\/blog\/2020\/04\/24\/evolution-de-covid-19-au-burkina-a-la-date-du-24-avril-2020\/&amp;media=&amp;description=Evolution+de+covid-19+au+Burkina%C2%A0+%C3%A0+la+date+du+24+avril+2020%3A\"\/><\/p>\n<p>Pinterest<\/p>\n<p><a class=\"td-social-sharing-button td-social-sharing-button-js td-social-network td-social-whatsapp\" href=\"whatsapp:\/\/send?text=Evolution+de+covid-19+au+Burkina%C2%A0+%C3%A0+la+date+du+24+avril+2020%3A%20%0A%0A%20https:\/\/www.sidwaya.info\/blog\/2020\/04\/24\/evolution-de-covid-19-au-burkina-a-la-date-du-24-avril-2020\/\"\/><\/p>\n<p>WhatsApp<\/p>\n<p><a class=\"td-social-sharing-button td-social-sharing-button-js td-social-network td-social-linkedin\" href=\"https:\/\/www.linkedin.com\/shareArticle?mini=true&amp;url=https:\/\/www.sidwaya.info\/blog\/2020\/04\/24\/evolution-de-covid-19-au-burkina-a-la-date-du-24-avril-2020\/&amp;title=Evolution+de+covid-19+au+Burkina%C2%A0+%C3%A0+la+date+du+24+avril+2020%3A\"\/><\/p>\n<p>Linkedin<\/p>\n<p><a class=\"td-social-sharing-button td-social-sharing-button-js td-social-network td-social-mail\" href=\"mailto:?subject=Evolution%20de%20covid-19%20au%20Burkina%C2%A0%20%C3%A0%20la%20date%20du%2024%20avril%202020:&amp;body=https:\/\/www.sidwaya.info\/blog\/2020\/04\/24\/evolution-de-covid-19-au-burkina-a-la-date-du-24-avril-2020\/\"\/><\/p>\n<p>Email<\/p>\n<p><a class=\"td-social-sharing-button td-social-sharing-button-js td-social-network td-social-print\" href=\"#\"\/><\/p>\n<p>Print<\/p>\n<p><a class=\"td-social-sharing-button td-social-sharing-button-js td-social-network td-social-tumblr\" href=\"https:\/\/www.tumblr.com\/share\/link?url=https:\/\/www.sidwaya.info\/blog\/2020\/04\/24\/evolution-de-covid-19-au-burkina-a-la-date-du-24-avril-2020\/&amp;name=Evolution%20de%20covid-19%20au%20Burkina%C2%A0%20%C3%A0%20la%20date%20du%2024%20avril%202020:\"\/><\/p>\n<p>Tumblr<\/p>\n<p><a class=\"td-social-sharing-button td-social-sharing-button-js td-social-network td-social-telegram\" href=\"https:\/\/telegram.me\/share\/url?url=https:\/\/www.sidwaya.info\/blog\/2020\/04\/24\/evolution-de-covid-19-au-burkina-a-la-date-du-24-avril-2020\/&amp;text=Evolution+de+covid-19+au+Burkina%C2%A0+%C3%A0+la+date+du+24+avril+2020%3A\"\/><\/p>\n<p>Telegram<\/p>\n<p><a class=\"td-social-sharing-button td-social-sharing-button-js td-social-network td-social-viber\" href=\"viber:\/\/forward?text=Evolution+de+covid-19+au+Burkina%C2%A0+%C3%A0+la+date+du+24+avril+2020%3A%20https:\/\/www.sidwaya.info\/blog\/2020\/04\/24\/evolution-de-covid-19-au-burkina-a-la-date-du-24-avril-2020\/\"\/><\/p>\n<p>Viber<\/p>\n<p><a class=\"td-social-sharing-button td-social-sharing-button-js td-social-network td-social-naver\" href=\"https:\/\/share.naver.com\/web\/shareView.nhn?url=https:\/\/www.sidwaya.info\/blog\/2020\/04\/24\/evolution-de-covid-19-au-burkina-a-la-date-du-24-avril-2020\/&amp;title=Evolution+de+covid-19+au+Burkina%C2%A0+%C3%A0+la+date+du+24+avril+2020%3A\"\/><\/p>\n<p>Naver<\/p>\n<\/div>\n<\/div>\n<div class=\"td-post-content tagdiv-type\" readability=\"34\">\n<ul>\n<li>13 nouveaux cas 10 \u00e0 Ouaga, 2 \u00e0 Bobo-Dioulasso et 1 \u00e0 Ziniare.<\/li>\n<li>15 gu\u00e9risons<\/li>\n<\/ul>\n<p>Au total le Burkina compte \u00a0629 cas dont 379 hommes et 250 femmes,\u00a0 dont 425 \u00a0gu\u00e9risons et 41 d\u00e9c\u00e8s depuis la d\u00e9claration de la maladie.<\/p>\n<div class=\"td-a-rec td-a-rec-id-content_bottom tdi_30_37d td_block_template_1\"><img loading=\"lazy\" decoding=\"async\" class=\"aligncenter size-full wp-image-9623\" src=\"https:\/\/www.sidwaya.info\/wp-content\/uploads\/2019\/06\/Projet-bannie%CC%80re-Orange-mobile.jpg\" alt=\"\" width=\"728\" height=\"81\"\/><\/div>\n<\/div>\n<footer>\n<div class=\"td-post-sharing-bottom\">\n<p><iframe frameborder=\"0\" src=\"https:\/\/www.facebook.com\/plugins\/like.php?href=https:\/\/www.sidwaya.info\/blog\/2020\/04\/24\/evolution-de-covid-19-au-burkina-a-la-date-du-24-avril-2020\/&amp;layout=button_count&amp;show_faces=false&amp;width=105&amp;action=like&amp;colorscheme=light&amp;height=21\" class=\"c1\">[embedded content]<\/iframe><\/p>\n<div id=\"td_social_sharing_article_bottom\" class=\"td-post-sharing td-ps-bg td-ps-padding td-post-sharing-style7\">\n<div class=\"td-post-sharing-visible\"><a class=\"td-social-sharing-button td-social-sharing-button-js td-social-network td-social-facebook\" href=\"https:\/\/www.facebook.com\/sharer.php?u=https%3A%2F%2Fwww.sidwaya.info%2Fblog%2F2020%2F04%2F24%2Fevolution-de-covid-19-au-burkina-a-la-date-du-24-avril-2020%2F\"\/><\/p>\n<p>Facebook<\/p>\n<p><a class=\"td-social-sharing-button td-social-sharing-button-js td-social-network td-social-twitter\" href=\"https:\/\/twitter.com\/intent\/tweet?text=Evolution+de+covid-19+au+Burkina%C2%A0+%C3%A0+la+date+du+24+avril+2020%3A&amp;url=https%3A%2F%2Fwww.sidwaya.info%2Fblog%2F2020%2F04%2F24%2Fevolution-de-covid-19-au-burkina-a-la-date-du-24-avril-2020%2F&amp;via=Quotidien+Sidwaya\"\/><\/p>\n<p>Twitter<\/p>\n<p><a class=\"td-social-sharing-button td-social-sharing-button-js td-social-network td-social-pinterest\" href=\"https:\/\/pinterest.com\/pin\/create\/button\/?url=https:\/\/www.sidwaya.info\/blog\/2020\/04\/24\/evolution-de-covid-19-au-burkina-a-la-date-du-24-avril-2020\/&amp;media=&amp;description=Evolution+de+covid-19+au+Burkina%C2%A0+%C3%A0+la+date+du+24+avril+2020%3A\"\/><\/p>\n<p>Pinterest<\/p>\n<p><a class=\"td-social-sharing-button td-social-sharing-button-js td-social-network td-social-whatsapp\" href=\"whatsapp:\/\/send?text=Evolution+de+covid-19+au+Burkina%C2%A0+%C3%A0+la+date+du+24+avril+2020%3A%20%0A%0A%20https:\/\/www.sidwaya.info\/blog\/2020\/04\/24\/evolution-de-covid-19-au-burkina-a-la-date-du-24-avril-2020\/\"\/><\/p>\n<p>WhatsApp<\/p>\n<p><a class=\"td-social-sharing-button td-social-sharing-button-js td-social-network td-social-linkedin\" href=\"https:\/\/www.linkedin.com\/shareArticle?mini=true&amp;url=https:\/\/www.sidwaya.info\/blog\/2020\/04\/24\/evolution-de-covid-19-au-burkina-a-la-date-du-24-avril-2020\/&amp;title=Evolution+de+covid-19+au+Burkina%C2%A0+%C3%A0+la+date+du+24+avril+2020%3A\"\/><\/p>\n<p>Linkedin<\/p>\n<p><a class=\"td-social-sharing-button td-social-sharing-button-js td-social-network td-social-mail\" href=\"mailto:?subject=Evolution%20de%20covid-19%20au%20Burkina%C2%A0%20%C3%A0%20la%20date%20du%2024%20avril%202020:&amp;body=https:\/\/www.sidwaya.info\/blog\/2020\/04\/24\/evolution-de-covid-19-au-burkina-a-la-date-du-24-avril-2020\/\"\/><\/p>\n<p>Email<\/p>\n<p><a class=\"td-social-sharing-button td-social-sharing-button-js td-social-network td-social-print\" href=\"#\"\/><\/p>\n<p>Print<\/p>\n<p><a class=\"td-social-sharing-button td-social-sharing-button-js td-social-network td-social-tumblr\" href=\"https:\/\/www.tumblr.com\/share\/link?url=https:\/\/www.sidwaya.info\/blog\/2020\/04\/24\/evolution-de-covid-19-au-burkina-a-la-date-du-24-avril-2020\/&amp;name=Evolution%20de%20covid-19%20au%20Burkina%C2%A0%20%C3%A0%20la%20date%20du%2024%20avril%202020:\"\/><\/p>\n<p>Tumblr<\/p>\n<p><a class=\"td-social-sharing-button td-social-sharing-button-js td-social-network td-social-telegram\" href=\"https:\/\/telegram.me\/share\/url?url=https:\/\/www.sidwaya.info\/blog\/2020\/04\/24\/evolution-de-covid-19-au-burkina-a-la-date-du-24-avril-2020\/&amp;text=Evolution+de+covid-19+au+Burkina%C2%A0+%C3%A0+la+date+du+24+avril+2020%3A\"\/><\/p>\n<p>Telegram<\/p>\n<p><a class=\"td-social-sharing-button td-social-sharing-button-js td-social-network td-social-viber\" href=\"viber:\/\/forward?text=Evolution+de+covid-19+au+Burkina%C2%A0+%C3%A0+la+date+du+24+avril+2020%3A%20https:\/\/www.sidwaya.info\/blog\/2020\/04\/24\/evolution-de-covid-19-au-burkina-a-la-date-du-24-avril-2020\/\"\/><\/p>\n<p>Viber<\/p>\n<p><a class=\"td-social-sharing-button td-social-sharing-button-js td-social-network td-social-naver\" href=\"https:\/\/share.naver.com\/web\/shareView.nhn?url=https:\/\/www.sidwaya.info\/blog\/2020\/04\/24\/evolution-de-covid-19-au-burkina-a-la-date-du-24-avril-2020\/&amp;title=Evolution+de+covid-19+au+Burkina%C2%A0+%C3%A0+la+date+du+24+avril+2020%3A\"\/><\/p>\n<p>Naver<\/p>\n<\/div>\n<\/div>\n<\/div>\n<div class=\"td-block-row td-post-next-prev\">\n<div class=\"td-block-span6 td-post-prev-post td-post-next-prev-content\"><span>Article pr\u00e9c\u00e9dent<\/span><a href=\"https:\/\/www.sidwaya.info\/blog\/2020\/04\/24\/reouverture-des-ecoles-le-plan-de-continuite-educative-presente-aux-gouverneurs\/\">R\u00e9ouverture des \u00e9coles: Le plan de continuit\u00e9 \u00e9ducative pr\u00e9sent\u00e9 aux gouverneurs<\/a><\/div>\n<div class=\"td-block-span6 td-post-next-post td-post-next-prev-content\"><span>Article suivant<\/span><a href=\"https:\/\/www.sidwaya.info\/blog\/2020\/04\/24\/covid-19-le-gouvernement-la-majorite-et-lopposition-sexpliquent\/\">COVID-19: Le gouvernement, la majorit\u00e9 et l\u2019opposition s\u2019expliquent<\/a><\/div>\n<\/div>\n<\/footer>\n<p>Auteur: BS. Sidwaya<br \/>\n<a href=\"https:\/\/www.sidwaya.info\/blog\/2020\/04\/24\/evolution-de-covid-19-au-burkina-a-la-date-du-24-avril-2020\/\">Cliquez ici pour lire l&rsquo;article depuis sa source.<\/a><\/p>\n","protected":false},"excerpt":{"rendered":"<p>Facebook Twitter Pinterest WhatsApp Linkedin Email Print Tumblr Telegram Viber Naver 13 nouveaux cas 10 \u00e0 Ouaga, 2 \u00e0 Bobo-Dioulasso et 1 \u00e0 Ziniare. 15 gu\u00e9risons Au total le Burkina compte \u00a0629 cas dont 379 hommes et 250 femmes,\u00a0 dont 425 \u00a0gu\u00e9risons et 41 d\u00e9c\u00e8s depuis la d\u00e9claration de la maladie. [embedded content] Facebook Twitter [&hellip;]<\/p>\n","protected":false},"author":1816,"featured_media":0,"comment_status":"closed","ping_status":"closed","sticky":false,"template":"","format":"standard","meta":{"fifu_image_url":"","fifu_image_alt":"","footnotes":""},"categories":[73,81],"tags":[],"class_list":["post-83355","post","type-post","status-publish","format-standard","hentry","category-actualite","category-burkina-faso"],"_links":{"self":[{"href":"https:\/\/linitiative.ca\/International\/wp-json\/wp\/v2\/posts\/83355","targetHints":{"allow":["GET"]}}],"collection":[{"href":"https:\/\/linitiative.ca\/International\/wp-json\/wp\/v2\/posts"}],"about":[{"href":"https:\/\/linitiative.ca\/International\/wp-json\/wp\/v2\/types\/post"}],"author":[{"embeddable":true,"href":"https:\/\/linitiative.ca\/International\/wp-json\/wp\/v2\/users\/1816"}],"replies":[{"embeddable":true,"href":"https:\/\/linitiative.ca\/International\/wp-json\/wp\/v2\/comments?post=83355"}],"version-history":[{"count":0,"href":"https:\/\/linitiative.ca\/International\/wp-json\/wp\/v2\/posts\/83355\/revisions"}],"wp:attachment":[{"href":"https:\/\/linitiative.ca\/International\/wp-json\/wp\/v2\/media?parent=83355"}],"wp:term":[{"taxonomy":"category","embeddable":true,"href":"https:\/\/linitiative.ca\/International\/wp-json\/wp\/v2\/categories?post=83355"},{"taxonomy":"post_tag","embeddable":true,"href":"https:\/\/linitiative.ca\/International\/wp-json\/wp\/v2\/tags?post=83355"}],"curies":[{"name":"wp","href":"https:\/\/api.w.org\/{rel}","templated":true}]}}