{"id":83356,"date":"2020-04-24T12:21:55","date_gmt":"2020-04-24T16:21:55","guid":{"rendered":"https:\/\/linitiative.ca\/International\/covid-19-le-gouvernement-la-majorite-et-lopposition-sexpliquent\/"},"modified":"2020-04-24T12:21:55","modified_gmt":"2020-04-24T16:21:55","slug":"covid-19-le-gouvernement-la-majorite-et-lopposition-sexpliquent","status":"publish","type":"post","link":"https:\/\/linitiative.ca\/International\/covid-19-le-gouvernement-la-majorite-et-lopposition-sexpliquent\/","title":{"rendered":"COVID-19:  Le gouvernement, la majorit\u00e9 et l\u2019opposition s\u2019expliquent"},"content":{"rendered":"<div class=\"td-post-featured-image\"><a href=\"https:\/\/www.sidwaya.info\/wp-content\/uploads\/2020\/04\/3pol.jpg\" data-caption=\"\"><img loading=\"lazy\" decoding=\"async\" width=\"696\" height=\"348\" class=\"entry-thumb td-modal-image\" src=\"https:\/\/www.sidwaya.info\/wp-content\/uploads\/2020\/04\/3pol-696x348.jpg\" srcset=\"https:\/\/www.sidwaya.info\/wp-content\/uploads\/2020\/04\/3pol-696x348.jpg 696w, https:\/\/www.sidwaya.info\/wp-content\/uploads\/2020\/04\/3pol-300x150.jpg 300w, https:\/\/www.sidwaya.info\/wp-content\/uploads\/2020\/04\/3pol-768x384.jpg 768w, https:\/\/www.sidwaya.info\/wp-content\/uploads\/2020\/04\/3pol-840x420.jpg 840w, https:\/\/www.sidwaya.info\/wp-content\/uploads\/2020\/04\/3pol-600x300.jpg 600w, https:\/\/www.sidwaya.info\/wp-content\/uploads\/2020\/04\/3pol.jpg 900w\" sizes=\"auto, (max-width: 696px) 100vw, 696px\" alt=\"\" title=\"3pol\"\/><\/a><\/div>\n<p><strong>La majorit\u00e9 pr\u00e9sidentielle, l\u2019opposition autour du Chef de file de l\u2019opposition (CFOP) et les membres du gouvernement ont tenu une rencontre de concertation pour \u00e9changer sur la situation de la maladie \u00e0 Coronavirus, le jeudi 23 avril 2020 \u00e0 la pr\u00e9sidence du Faso.<\/strong><\/p>\n<p>Durant cinq heures d\u2019horloge, la situation de la maladie \u00e0 Coronavirus \u00e9tait d\u00e9battue entre les repr\u00e9sentants de l\u2019Alliance des partis de la majorit\u00e9 pr\u00e9sidentielle (APMP), ceux du Chef de file de l\u2019opposition (CFOP) et les membres du gouvernement dans l\u2019apr\u00e8s-midi du jeudi 23 avril 2020 \u00e0 la pr\u00e9sidence du Faso. Les \u00e9changes se sont men\u00e9s sur initiative du chef de l\u2019Etat Roch Marc Christian Kabor\u00e9 et pr\u00e9sid\u00e9s par le Premier ministre, Christophe Marie Joseph. Les questions relatives \u00e0 la prise en charge des malades, \u00e0 l\u2019acc\u00e8s au centre de d\u00e9pistage ou de soin, au manque d\u2019informations, \u00e0 la r\u00e9ouverture des march\u00e9s et des \u00e9coles, au port obligatoire du masque ont \u00e9t\u00e9 les principales pr\u00e9occupations de l\u2019Opposition, selon le CFOP, Z\u00e9phirin Diabr\u00e9, \u00e0 la sortie de la rencontre. <em>\u00ab\u00a0 Nous avons fortement \u00e9t\u00e9 interpell\u00e9s par les Burkinab\u00e8 sur diff\u00e9rents aspects de la gestion de cette crise \u2026 Donc, notre r\u00f4le en tant qu\u2019opposition, c\u2019est de ramener ces questions\u00a0\u00bb<\/em>, a-t-il rappel\u00e9. M. Diabr\u00e9 a ajout\u00e9 que l\u2019autre aspect qui a retenu l\u2019attention de l\u2019opposition est la gestion des fonds qui sont collect\u00e9s. A ce sujet, il a cit\u00e9 en exemples le fonds de soutien aux entreprises et aux acteurs du secteur \u00e9conomique en difficult\u00e9, \u00e0 la recherche, \u00e0 l\u2019agriculture pour l\u2019achat d\u2019intrants, aux vendeuses de l\u00e9gumes et \u00e0 une certaine cat\u00e9gorie de population. <em>\u00ab On veut bien savoir sur la base de quel crit\u00e8re, ces fonds seront distribu\u00e9s. Il ne faudrait pas que ce soit l\u2019occasion de marchandage politique qui vont permettre \u00e0 des segments de populations qui n\u2019ont rien \u00e0 voir avec la crise, de pouvoir s\u2019enrichir\u00bb<\/em>, a-t-il interpell\u00e9. Qu\u2019\u00e0 cela ne tienne, le porte-parole de l\u2019opposition a reconnu que sur le principe, cette concertation \u00e9tait importante et qu\u2019elle aurait pu avoir lieu beaucoup plus t\u00f4t, apr\u00e8s les r\u00e9ponses donn\u00e9es par les membres du gouvernement.<\/p>\n<blockquote>\n<p><strong>Satisfaire le citoyen<\/strong><\/p>\n<\/blockquote>\n<p><strong>\u00a0<\/strong><em>\u00ab\u00a0Mais \u00e0 ce stade, ce qui va compter pour nous, c\u2019est l\u2019observation pratique sur le terrain, de la mani\u00e8re dont les d\u00e9clarations officielles se traduisent en acte. En mati\u00e8re de service public, c\u2019est la satisfaction du citoyen qui compte. C\u2019est sur ce plan que nous allons porter un jugement\u00a0\u00bb,<\/em> a fait observer le CFOP. Il a indiqu\u00e9 que la maladie du COVID-19 est un combat du Burkina Faso o\u00f9 la majorit\u00e9 et l\u2019opposition sont parties prenantes. \u00ab\u00a0<em>Notre r\u00f4le en tant que contre-pouvoir c\u2019est de trouver des zones o\u00f9 il y a une mauvaise action pour le dire haut et fort, afin que ceux \u00e0 qui les Burkinab\u00e8 ont confi\u00e9 le pouvoir en 2015 puissent se corriger pour aller de l\u2019avant. Notre disponibilit\u00e9 reste pleine et enti\u00e8re pour ce que nous pouvons apporter \u00e0 l\u2019ensemble du pays\u00a0\u00bb<\/em>, a insist\u00e9 Z\u00e9phirin Diabr\u00e9.<\/p>\n<div class=\"td-a-rec td-a-rec-id-content_inline tdi_30_3fa td_block_template_1\"><img loading=\"lazy\" decoding=\"async\" class=\"aligncenter size-full wp-image-21314\" src=\"https:\/\/www.sidwaya.info\/wp-content\/uploads\/2020\/04\/Bandeau-Covid-19-Sidwaya-1.jpg\" alt=\"\" width=\"790\" height=\"98\"\/><\/div>\n<p><img loading=\"lazy\" decoding=\"async\" class=\"alignleft wp-image-21415\" src=\"https:\/\/www.sidwaya.info\/wp-content\/uploads\/2020\/04\/2-4.jpg\" alt=\"\" width=\"552\" height=\"368\" srcset=\"https:\/\/www.sidwaya.info\/wp-content\/uploads\/2020\/04\/2-4.jpg 900w, https:\/\/www.sidwaya.info\/wp-content\/uploads\/2020\/04\/2-4-300x200.jpg 300w, https:\/\/www.sidwaya.info\/wp-content\/uploads\/2020\/04\/2-4-768x512.jpg 768w, https:\/\/www.sidwaya.info\/wp-content\/uploads\/2020\/04\/2-4-696x464.jpg 696w, https:\/\/www.sidwaya.info\/wp-content\/uploads\/2020\/04\/2-4-630x420.jpg 630w, https:\/\/www.sidwaya.info\/wp-content\/uploads\/2020\/04\/2-4-600x400.jpg 600w\" sizes=\"auto, (max-width: 552px) 100vw, 552px\"\/>La Majorit\u00e9 a pour sa part f\u00e9licit\u00e9 le gouvernement pour ce qui a \u00e9t\u00e9 d\u00e9j\u00e0 fait et l\u2019a encourag\u00e9 \u00e0 corriger les insuffisances pour am\u00e9liorer la situation. Le pr\u00e9sident de l\u2019APMP a insist\u00e9 qu\u2019il faille gagner la guerre de la communication. <em>\u00ab\u00a0Nous avons besoin de rassurer les populations en les amenant \u00e0 s\u2019impliquer activement au niveau des r\u00e9gions, des provinces\u00a0 et des communes pour qu\u2019ensemble, nous puissions changer de comportement face \u00e0 cette pand\u00e9mie\u00a0\u00bb<\/em>, a fait remarquer son porte-parole, Simon Compaor\u00e9. Il a souhait\u00e9 que la majorit\u00e9 et le CFOP puissent constituer une structure de veille qui interpelle le gouvernement par rapport aux insuffisances constater dans la gestion, de sorte que la dynamique soit toujours positive au profit des populations notamment les malades. \u00ab\u00a0<em>Nous repartons tr\u00e8s satisfaits. Malgr\u00e9 nos oppositions, nous sommes engag\u00e9s dans une m\u00eame barque et le combat est commun contre l\u2019ennemie redoutable qu\u2019est le COVID-19<\/em>\u00a0\u00bb, a-t-il conclu.<\/p>\n<p><strong>Pat\u00e9n\u00e9ma Oumar OUEDRAOGO<\/strong><\/p>\n<p><a href=\"mailto:pathnema@gmail.com\">pathnema@gmail.com<\/a><\/p>\n<div class=\"td-a-rec td-a-rec-id-content_bottom tdi_31_832 td_block_template_1\"><img loading=\"lazy\" decoding=\"async\" class=\"aligncenter size-full wp-image-9623\" src=\"https:\/\/www.sidwaya.info\/wp-content\/uploads\/2019\/06\/Projet-bannie%CC%80re-Orange-mobile.jpg\" alt=\"\" width=\"728\" height=\"81\"\/><\/div>\n<p>Auteur: BS. Sidwaya<br \/>\n<a href=\"https:\/\/www.sidwaya.info\/blog\/2020\/04\/24\/covid-19-le-gouvernement-la-majorite-et-lopposition-sexpliquent\/\">Cliquez ici pour lire l&rsquo;article depuis sa source.<\/a><\/p>\n","protected":false},"excerpt":{"rendered":"<p>La majorit\u00e9 pr\u00e9sidentielle, l\u2019opposition autour du Chef de file de l\u2019opposition (CFOP) et les membres du gouvernement ont tenu une rencontre de concertation pour \u00e9changer sur la situation de la maladie \u00e0 Coronavirus, le jeudi 23 avril 2020 \u00e0 la pr\u00e9sidence du Faso. Durant cinq heures d\u2019horloge, la situation de la maladie \u00e0 Coronavirus \u00e9tait [&hellip;]<\/p>\n","protected":false},"author":1816,"featured_media":0,"comment_status":"closed","ping_status":"closed","sticky":false,"template":"","format":"standard","meta":{"fifu_image_url":"","fifu_image_alt":"","footnotes":""},"categories":[73,81],"tags":[],"class_list":["post-83356","post","type-post","status-publish","format-standard","hentry","category-actualite","category-burkina-faso"],"_links":{"self":[{"href":"https:\/\/linitiative.ca\/International\/wp-json\/wp\/v2\/posts\/83356","targetHints":{"allow":["GET"]}}],"collection":[{"href":"https:\/\/linitiative.ca\/International\/wp-json\/wp\/v2\/posts"}],"about":[{"href":"https:\/\/linitiative.ca\/International\/wp-json\/wp\/v2\/types\/post"}],"author":[{"embeddable":true,"href":"https:\/\/linitiative.ca\/International\/wp-json\/wp\/v2\/users\/1816"}],"replies":[{"embeddable":true,"href":"https:\/\/linitiative.ca\/International\/wp-json\/wp\/v2\/comments?post=83356"}],"version-history":[{"count":0,"href":"https:\/\/linitiative.ca\/International\/wp-json\/wp\/v2\/posts\/83356\/revisions"}],"wp:attachment":[{"href":"https:\/\/linitiative.ca\/International\/wp-json\/wp\/v2\/media?parent=83356"}],"wp:term":[{"taxonomy":"category","embeddable":true,"href":"https:\/\/linitiative.ca\/International\/wp-json\/wp\/v2\/categories?post=83356"},{"taxonomy":"post_tag","embeddable":true,"href":"https:\/\/linitiative.ca\/International\/wp-json\/wp\/v2\/tags?post=83356"}],"curies":[{"name":"wp","href":"https:\/\/api.w.org\/{rel}","templated":true}]}}