{"id":83357,"date":"2020-04-24T13:18:08","date_gmt":"2020-04-24T17:18:08","guid":{"rendered":"https:\/\/linitiative.ca\/International\/majorel-afrique-met-en-place-une-hotline-decoute-et-de-soutien-dediee-a-ses-collaborateurs\/"},"modified":"2020-04-24T13:18:08","modified_gmt":"2020-04-24T17:18:08","slug":"majorel-afrique-met-en-place-une-hotline-decoute-et-de-soutien-dediee-a-ses-collaborateurs","status":"publish","type":"post","link":"https:\/\/linitiative.ca\/International\/majorel-afrique-met-en-place-une-hotline-decoute-et-de-soutien-dediee-a-ses-collaborateurs\/","title":{"rendered":"Majorel Afrique met en place une hotline d\u2019\u00e9coute et de soutien d\u00e9di\u00e9e \u00e0 ses collaborateurs"},"content":{"rendered":"<div readability=\"32\">\n<p>Publi\u00e9 le 24.04.2020 \u00e0 18h18 par APA News<\/p>\n<\/div>\n<div readability=\"81\">\n<p>Majorel lance au profit de ses collaborateurs en Afrique une hotline interne baptis\u00e9e \u00ab Allo One Team \u00bb pour les \u00e9pauler durant ces temps critiques li\u00e9s \u00e0 la pand\u00e9mie Covid-19.Cette cellule interne d\u2019\u00e9coute et de soutien, mise en place dans un contexte marqu\u00e9 par l\u2019inqui\u00e9tude et la distanciation sociale, la hotline Allo One team, est un canal d\u2019expression cr\u00e9\u00e9 pour offrir un espace d\u2019\u00e9coute r\u00e9serv\u00e9 aux collaborateurs de Majorel afin de r\u00e9pondre \u00e0 leurs questions, indique un communiqu\u00e9 de Majorel, parvenu ce vendredi \u00e0 APA.<\/p>\n<p>\u00ab Notre hotline interne est un canal qui permet de pr\u00e9server les liens qui nous unissent \u00e0 nos collaborateurs dans cette p\u00e9riode de crise marqu\u00e9e par la crainte, l\u2019isolement et le doute. Elle incarne ainsi la culture de Majorel, r\u00e9sum\u00e9e dans l\u2019expression One Team, qui privil\u00e9gie l\u2019esprit d\u2019\u00e9quipe, le partage et la solidarit\u00e9 \u00bb, t\u00e9moigne Sanaa Benchekroun, Directeur du Capital Humain r\u00e9gion France, Afrique et Benelux.<\/p>\n<p>La hotline est disponible pour les 7.500 collaborateurs de Majorel au Togo, en C\u00f4te d\u2019Ivoire, au S\u00e9n\u00e9gal et au Maroc, du lundi au vendredi et de 9h00 \u00e0 18h00, pr\u00e9cise la m\u00eame source, assurant que tous les appels et e-mails sont trait\u00e9s de mani\u00e8re strictement confidentielle.<\/p>\n<p>Majorel con\u00e7oit, offre et red\u00e9finit l\u2019exp\u00e9rience client pour le compte des marques globales les plus r\u00e9put\u00e9es. Le Groupe d\u00e9livre une communication client standard ainsi que des solutions digitales telles que les m\u00e9dias sociaux et les communications en ligne, l\u2019interaction automatis\u00e9e et l\u2019IA, les syst\u00e8mes d\u2019analytique, le libre-service et d\u2019autres solutions de cycle de vie client.<\/p>\n<p>Le groupe r\u00e9alise un chiffre d\u2019affaires annuel combin\u00e9 de 1,2 milliard d\u2019euros et compte plus de 500 clients dans le monde \u0153uvrant dans de nombreux secteurs. Il emploie plus de 48.000 collaborateurs dans 28 pays \u00e0 travers le monde,<\/p>\n<p>b\u00e9n\u00e9ficie d\u2019une position de leader sur les march\u00e9s europ\u00e9en, africain et du Moyen-Orient, ainsi que d\u2019une forte pr\u00e9sence en Asie et en Am\u00e9rique.<\/p>\n<\/div>\n<p>Auteur: APA News<br \/>\n<a href=\"https:\/\/www.journalducameroun.com\/majorel-afrique-met-en-place-une-hotline-decoute-et-de-soutien-dediee-a-ses-collaborateurs\/\">Cliquez ici pour lire l&rsquo;article depuis sa source.<\/a><\/p>\n","protected":false},"excerpt":{"rendered":"<p>Publi\u00e9 le 24.04.2020 \u00e0 18h18 par APA News Majorel lance au profit de ses collaborateurs en Afrique une hotline interne baptis\u00e9e \u00ab Allo One Team \u00bb pour les \u00e9pauler durant ces temps critiques li\u00e9s \u00e0 la pand\u00e9mie Covid-19.Cette cellule interne d\u2019\u00e9coute et de soutien, mise en place dans un contexte marqu\u00e9 par l\u2019inqui\u00e9tude et la [&hellip;]<\/p>\n","protected":false},"author":1965,"featured_media":0,"comment_status":"closed","ping_status":"closed","sticky":false,"template":"","format":"standard","meta":{"fifu_image_url":"","fifu_image_alt":"","footnotes":""},"categories":[73,82],"tags":[],"class_list":["post-83357","post","type-post","status-publish","format-standard","hentry","category-actualite","category-cameroun"],"_links":{"self":[{"href":"https:\/\/linitiative.ca\/International\/wp-json\/wp\/v2\/posts\/83357","targetHints":{"allow":["GET"]}}],"collection":[{"href":"https:\/\/linitiative.ca\/International\/wp-json\/wp\/v2\/posts"}],"about":[{"href":"https:\/\/linitiative.ca\/International\/wp-json\/wp\/v2\/types\/post"}],"author":[{"embeddable":true,"href":"https:\/\/linitiative.ca\/International\/wp-json\/wp\/v2\/users\/1965"}],"replies":[{"embeddable":true,"href":"https:\/\/linitiative.ca\/International\/wp-json\/wp\/v2\/comments?post=83357"}],"version-history":[{"count":0,"href":"https:\/\/linitiative.ca\/International\/wp-json\/wp\/v2\/posts\/83357\/revisions"}],"wp:attachment":[{"href":"https:\/\/linitiative.ca\/International\/wp-json\/wp\/v2\/media?parent=83357"}],"wp:term":[{"taxonomy":"category","embeddable":true,"href":"https:\/\/linitiative.ca\/International\/wp-json\/wp\/v2\/categories?post=83357"},{"taxonomy":"post_tag","embeddable":true,"href":"https:\/\/linitiative.ca\/International\/wp-json\/wp\/v2\/tags?post=83357"}],"curies":[{"name":"wp","href":"https:\/\/api.w.org\/{rel}","templated":true}]}}