{"id":83358,"date":"2020-04-24T14:18:03","date_gmt":"2020-04-24T18:18:03","guid":{"rendered":"https:\/\/linitiative.ca\/International\/afsud-assouplissement-progressif-des-regles-de-confinement\/"},"modified":"2020-04-24T14:18:03","modified_gmt":"2020-04-24T18:18:03","slug":"afsud-assouplissement-progressif-des-regles-de-confinement","status":"publish","type":"post","link":"https:\/\/linitiative.ca\/International\/afsud-assouplissement-progressif-des-regles-de-confinement\/","title":{"rendered":"AfSud: assouplissement progressif des r\u00e8gles de confinement"},"content":{"rendered":"<div readability=\"32\">\n<p>Publi\u00e9 le 24.04.2020 \u00e0 19h18 par APA News<\/p>\n<\/div>\n<div readability=\"77\">\n<p>L\u2019Afrique du Sud s\u2019est engag\u00e9e \u00e0 partir de jeudi prochain d\u2019assouplir progressivement les mesures impos\u00e9es par le \u00ab confinement \u00bb en cours sur l\u2019ensemble du pays.Une mesure qui vise \u00e0 contenir la propagation du Covid-19, a annonc\u00e9 le pr\u00e9sident Cyril Ramaphosa. Le dirigeant sud-africain a d\u00e9clar\u00e9 que le Conseil national de commandement du coronavirus avait convenu lors d\u2019une r\u00e9union jeudi de se lancer dans un programme en cinq \u00e9tapes pour mener \u00e0 bien le lent processus de lev\u00e9e du confinement de cinq semaines qui a \u00e9t\u00e9 d\u00e9cid\u00e9 le 27 mars.<\/p>\n<p>\u00ab\u00a0L\u2019action que nous prenons maintenant doit donc \u00eatre mesur\u00e9e et progressive\u00a0\u00bb, a-t-il d\u00e9clar\u00e9.<\/p>\n<p>Ramaphosa a r\u00e9v\u00e9l\u00e9 que la r\u00e9union de jeudi avait convenu qu\u2019\u00e0 partir du 1er mai, le pays devrait passer au niveau 4 du confinement, ce qui permettrait un l\u00e9ger assouplissement des restrictions, telle que l\u2019ouverture partielle de certains secteurs \u00e9conomiques<\/p>\n<p>Selon ce niveau de confinement, les entreprises des secteurs cibl\u00e9s seraient autoris\u00e9es \u00e0 d\u00e9marrer leurs activit\u00e9s, mais pas \u00e0 pleine capacit\u00e9, selon Ramaphosa.<\/p>\n<p>\u00ab\u00a0Nous avons d\u00e9cid\u00e9 de cette approche car il y a encore beaucoup de choses inconnues sur le taux et la mani\u00e8re de la propagation du virus au sein de notre population\u00a0\u00bb, a-t-il d\u00e9clar\u00e9.<\/p>\n<p>Dans un discours t\u00e9l\u00e9vis\u00e9 jeudi soir, le pr\u00e9sident a d\u00e9clar\u00e9 que le pays \u00e9tait actuellement au niveau 5 du confinement, ce qui implique des mesures tr\u00e8s strictes, telles que la fermeture d\u2019entreprises et d\u2019organisations qui ne fournissent pas de services essentiels, notamment ceux fournis par le secteur de la sant\u00e9, les supermarch\u00e9s et les forces de s\u00e9curit\u00e9.<\/p>\n<p>Le pays devrait baisser progressivement le niveau de menace des coronavirus jusqu\u2019\u00e0 ce qu\u2019il atteigne le niveau 1, o\u00f9 il n\u2019y aura aucun cas de la maladie, a d\u00e9clar\u00e9 Ramaphosa.<\/p>\n<p>Actuellement, l\u2019Afrique du Sud a enregistr\u00e9 environ 4.000 cas de coronavirus, avec 75 d\u00e9c\u00e8s depuis le d\u00e9but de la maladie dans la premi\u00e8re semaine de mars.<\/p>\n<\/div>\n<p>Auteur: APA News<br \/>\n<a href=\"https:\/\/www.journalducameroun.com\/afsud-assouplissement-progressif-des-regles-de-confinement\/\">Cliquez ici pour lire l&rsquo;article depuis sa source.<\/a><\/p>\n","protected":false},"excerpt":{"rendered":"<p>Publi\u00e9 le 24.04.2020 \u00e0 19h18 par APA News L\u2019Afrique du Sud s\u2019est engag\u00e9e \u00e0 partir de jeudi prochain d\u2019assouplir progressivement les mesures impos\u00e9es par le \u00ab confinement \u00bb en cours sur l\u2019ensemble du pays.Une mesure qui vise \u00e0 contenir la propagation du Covid-19, a annonc\u00e9 le pr\u00e9sident Cyril Ramaphosa. Le dirigeant sud-africain a d\u00e9clar\u00e9 que [&hellip;]<\/p>\n","protected":false},"author":1965,"featured_media":0,"comment_status":"closed","ping_status":"closed","sticky":false,"template":"","format":"standard","meta":{"fifu_image_url":"","fifu_image_alt":"","footnotes":""},"categories":[73,82],"tags":[],"class_list":["post-83358","post","type-post","status-publish","format-standard","hentry","category-actualite","category-cameroun"],"_links":{"self":[{"href":"https:\/\/linitiative.ca\/International\/wp-json\/wp\/v2\/posts\/83358","targetHints":{"allow":["GET"]}}],"collection":[{"href":"https:\/\/linitiative.ca\/International\/wp-json\/wp\/v2\/posts"}],"about":[{"href":"https:\/\/linitiative.ca\/International\/wp-json\/wp\/v2\/types\/post"}],"author":[{"embeddable":true,"href":"https:\/\/linitiative.ca\/International\/wp-json\/wp\/v2\/users\/1965"}],"replies":[{"embeddable":true,"href":"https:\/\/linitiative.ca\/International\/wp-json\/wp\/v2\/comments?post=83358"}],"version-history":[{"count":0,"href":"https:\/\/linitiative.ca\/International\/wp-json\/wp\/v2\/posts\/83358\/revisions"}],"wp:attachment":[{"href":"https:\/\/linitiative.ca\/International\/wp-json\/wp\/v2\/media?parent=83358"}],"wp:term":[{"taxonomy":"category","embeddable":true,"href":"https:\/\/linitiative.ca\/International\/wp-json\/wp\/v2\/categories?post=83358"},{"taxonomy":"post_tag","embeddable":true,"href":"https:\/\/linitiative.ca\/International\/wp-json\/wp\/v2\/tags?post=83358"}],"curies":[{"name":"wp","href":"https:\/\/api.w.org\/{rel}","templated":true}]}}