{"id":83359,"date":"2020-04-24T14:18:06","date_gmt":"2020-04-24T18:18:06","guid":{"rendered":"https:\/\/linitiative.ca\/International\/covid-19-nana-akufo-prone-une-reponse-africaine-specifique-a-la-pandemie\/"},"modified":"2020-04-24T14:18:06","modified_gmt":"2020-04-24T18:18:06","slug":"covid-19-nana-akufo-prone-une-reponse-africaine-specifique-a-la-pandemie","status":"publish","type":"post","link":"https:\/\/linitiative.ca\/International\/covid-19-nana-akufo-prone-une-reponse-africaine-specifique-a-la-pandemie\/","title":{"rendered":"Covid-19: Nana Akufo pr\u00f4ne une \u00ab r\u00e9ponse africaine sp\u00e9cifique \u00bb \u00e0 la pand\u00e9mie"},"content":{"rendered":"<div readability=\"32\">\n<p>Publi\u00e9 le 24.04.2020 \u00e0 19h18 par APA News<\/p>\n<\/div>\n<div readability=\"73\">\n<p>Le chef de l\u2019Etat du Ghana, Nana Akufo Addo a appelle ses pairs \u00e0 adopter des m\u00e9thodes locales pour lutter contre le coronavirus, au lieu de copier aveugl\u00e9ment les m\u00e9thodes utilis\u00e9es dans d\u2019autres parties du monde.\u00abJe pense qu\u2019il est tr\u00e8s important que nous adaptions une r\u00e9ponse ghan\u00e9enne et africaine sp\u00e9cifique \u00e0 la gestion de cette pand\u00e9mie et ne copions pas n\u00e9cessairement aveugl\u00e9ment les m\u00e9thodes adopt\u00e9es par les pays du nord et d\u2019ailleurs\u00bb, ont rapport\u00e9 les m\u00e9dias locaux citant le pr\u00e9sident Ghan\u00e9en, qui s\u2019exprimait jeudi, lors du Sommet extraordinaire des chefs d\u2019Etat de l\u2019Afrique de l\u2019ouest sur la pand\u00e9mie de coronavirus.<\/p>\n<p>Les m\u00e9dias ont ajout\u00e9 que le dirigeant Ghan\u00e9en avait f\u00e9licit\u00e9 le pr\u00e9sident de la Cedeao, le pr\u00e9sident Mahamadou Issoufou du Niger pour avoir convoqu\u00e9 une r\u00e9union aussi cruciale afin de discuter de la lutte contre le Covid-19.<\/p>\n<p>Expliquant les m\u00e9thodes locales pour faire face \u00e0 la pand\u00e9mie, le pr\u00e9sident Nana Addo a d\u00e9clar\u00e9 que l\u2019approche du Ghana \u00e9tait bas\u00e9e sur quelques principes qui impliquaient la mobilisation des forces sociales du pays, notamment les soci\u00e9t\u00e9s religieuse, scientifique, universitaire, politique et civile pour faire face \u00e0 la menace pos\u00e9e par la pand\u00e9mie.<\/p>\n<p>Selon lui, la deuxi\u00e8me approche est que son administration est dirig\u00e9e et inform\u00e9e par la science et d\u2019autres donn\u00e9es qui sont rassembl\u00e9es. Elle apprend aussi de l\u2019exp\u00e9rience du gouvernement des pays qui sont plus avanc\u00e9s dans la r\u00e9ponse au virus.<\/p>\n<p>Le pr\u00e9sident Nana Addo a indiqu\u00e9 \u00e0 ses coll\u00e8gues lors de la r\u00e9union virtuelle que son pays tirait parti de la pand\u00e9mie en continuant de faire pression pour le programme Ghana Beyond Aid en disant que \u00ab nous essayons de limiter et d\u2019arr\u00eater l\u2019importation du virus \u00bb depuis que son pays a d\u00e9couvert que \u00abpratiquement tous les cas de coronavirus que nous avions au Ghana provenaient de voyageurs qui arrivaient au Ghana \u00bb.<\/p>\n<p>Pour contenir le virus, le pr\u00e9sident Nana a not\u00e9 qu\u2019il y avait eu un processus agressif de d\u00e9pistage et de test avec plus de 85.000 Ghan\u00e9ens test\u00e9s pour le virus.<\/p>\n<p>Le Ghana compte 1.154 cas confirm\u00e9s de Covid-19, avec 120 gu\u00e9risons et neuf d\u00e9c\u00e8s. Ce chiffre serait le plus \u00e9lev\u00e9s parmi les pays d\u2019Afrique de l\u2019ouest.<\/p>\n<\/div>\n<p>Auteur: APA News<br \/>\n<a href=\"https:\/\/www.journalducameroun.com\/covid-19-nana-akufo-prone-une-reponse-africaine-specifique-a-la-pandemie\/\">Cliquez ici pour lire l&rsquo;article depuis sa source.<\/a><\/p>\n","protected":false},"excerpt":{"rendered":"<p>Publi\u00e9 le 24.04.2020 \u00e0 19h18 par APA News Le chef de l\u2019Etat du Ghana, Nana Akufo Addo a appelle ses pairs \u00e0 adopter des m\u00e9thodes locales pour lutter contre le coronavirus, au lieu de copier aveugl\u00e9ment les m\u00e9thodes utilis\u00e9es dans d\u2019autres parties du monde.\u00abJe pense qu\u2019il est tr\u00e8s important que nous adaptions une r\u00e9ponse ghan\u00e9enne [&hellip;]<\/p>\n","protected":false},"author":1965,"featured_media":0,"comment_status":"closed","ping_status":"closed","sticky":false,"template":"","format":"standard","meta":{"fifu_image_url":"","fifu_image_alt":"","footnotes":""},"categories":[73,82],"tags":[],"class_list":["post-83359","post","type-post","status-publish","format-standard","hentry","category-actualite","category-cameroun"],"_links":{"self":[{"href":"https:\/\/linitiative.ca\/International\/wp-json\/wp\/v2\/posts\/83359","targetHints":{"allow":["GET"]}}],"collection":[{"href":"https:\/\/linitiative.ca\/International\/wp-json\/wp\/v2\/posts"}],"about":[{"href":"https:\/\/linitiative.ca\/International\/wp-json\/wp\/v2\/types\/post"}],"author":[{"embeddable":true,"href":"https:\/\/linitiative.ca\/International\/wp-json\/wp\/v2\/users\/1965"}],"replies":[{"embeddable":true,"href":"https:\/\/linitiative.ca\/International\/wp-json\/wp\/v2\/comments?post=83359"}],"version-history":[{"count":0,"href":"https:\/\/linitiative.ca\/International\/wp-json\/wp\/v2\/posts\/83359\/revisions"}],"wp:attachment":[{"href":"https:\/\/linitiative.ca\/International\/wp-json\/wp\/v2\/media?parent=83359"}],"wp:term":[{"taxonomy":"category","embeddable":true,"href":"https:\/\/linitiative.ca\/International\/wp-json\/wp\/v2\/categories?post=83359"},{"taxonomy":"post_tag","embeddable":true,"href":"https:\/\/linitiative.ca\/International\/wp-json\/wp\/v2\/tags?post=83359"}],"curies":[{"name":"wp","href":"https:\/\/api.w.org\/{rel}","templated":true}]}}