{"id":83360,"date":"2020-04-24T14:18:08","date_gmt":"2020-04-24T18:18:08","guid":{"rendered":"https:\/\/linitiative.ca\/International\/cote-divoire-covid-19-la-fondation-magic-system-annonce-un-telethon-pour-aider-les-populations-vulnerables\/"},"modified":"2020-04-24T14:18:08","modified_gmt":"2020-04-24T18:18:08","slug":"cote-divoire-covid-19-la-fondation-magic-system-annonce-un-telethon-pour-aider-les-populations-vulnerables","status":"publish","type":"post","link":"https:\/\/linitiative.ca\/International\/cote-divoire-covid-19-la-fondation-magic-system-annonce-un-telethon-pour-aider-les-populations-vulnerables\/","title":{"rendered":"C\u00f4te d\u2019Ivoire\/Covid-19: la Fondation Magic System annonce un t\u00e9l\u00e9thon pour aider les populations vuln\u00e9rables"},"content":{"rendered":"<div readability=\"32\">\n<p>Publi\u00e9 le 24.04.2020 \u00e0 19h18 par APA News<\/p>\n<\/div>\n<div readability=\"83\">\n<p>La Fondation Magic System et ses partenaires dont l\u2019Union Europ\u00e9enne (UE) et la Fondation Didier Drogba, organiseront \u00ab d\u00e8s la semaine prochaine \u00bb un t\u00e9l\u00e9thon pour recueillir des dons en vue d\u2019aider les populations vuln\u00e9rables ivoiriennes dans la lutte contre la propagation du Covid-19.L\u2019annonce a \u00e9t\u00e9 faite vendredi \u00e0 Abidjan par Traor\u00e9 Salif dit A\u2019Salfo, le pr\u00e9sident de la Fondation Magic System et lead vocal du c\u00e9l\u00e8bre groupe musical ivoirien Magic System. Cette initiative s\u2019inscrit dans le cadre de la caravane de solidarit\u00e9 lanc\u00e9e par cette fondation et ses partenaires et qui a d\u00e9j\u00e0 distribu\u00e9 des produits hygi\u00e9niques, sanitaires et alimentaires \u00a0\u00e0 des milliers de familles pauvres ivoiriennes pour lutter contre le Covid-19.<\/p>\n<p>\u00ab Nous avons eu l\u2019autorisation du gouvernement pour faire ce t\u00e9l\u00e9thon, donc d\u00e8s la semaine prochaine nous allons le mettre en place pour pouvoir \u00e9largir encore cet \u00e9lan de solidarit\u00e9. Il n\u2019y a pas que des institutions et des organismes officiels qui doivent participer .M\u00eame l\u2019Ivoirien lambda qui a 100 FCFA ou 25 FCA peut participer \u00e0 cet \u00e9lan de solidarit\u00e9 \u00e0 travers ce t\u00e9l\u00e9thon\u00bb, a dit A\u2019Salfo \u00e0 l\u2019occasion d\u2019une c\u00e9r\u00e9monie d\u2019adh\u00e9sion de l\u2019ambassade d\u2019Allemagne en C\u00f4te d\u2019Ivoire \u00e0 cette caravane de solidarit\u00e9.<\/p>\n<p>\u00a0La repr\u00e9sentation diplomatique allemande en C\u00f4te d\u2019Ivoire, a en effet rejoint la caravane de solidarit\u00e9 de la fondation Magic System et ses partenaires contre le Covid-19 avec un don de plus de 16 millions FCFA qui permettra d\u2019accro\u00eetre les familles b\u00e9n\u00e9ficiaires de cet \u00e9lan de solidarit\u00e9.<\/p>\n<p>\u00abNous sommes contents de cet appui. Gr\u00e2ce \u00e0 l\u2019apport de la R\u00e9publique f\u00e9d\u00e9rale d\u2019Allemagne, nous pourront prendre en charge 500 familles suppl\u00e9mentaires\u00bb, s\u2019est satisfait A\u2019Salfo estimant \u00ab qu\u2019une cha\u00eene de solidarit\u00e9 n\u2019a pas de fronti\u00e8re \u00bb.<\/p>\n<p>Avant lui, Alexandre Callegaro, le charg\u00e9 d\u2019affaires de l\u2019ambassade d\u2019Allemagne en C\u00f4te d\u2019Ivoire, \u00a0a indiqu\u00e9 que la pand\u00e9mie du Covid-19 qui \u00a0touche le monde entier sans distinction, \u00a0n\u00e9cessite l\u2019implication de tous pour la combattre.<\/p>\n<p>\u00a0\u00ab La pand\u00e9mie est mondiale. \u00a0Elle ne fait pas de distinction, elle touche tout le monde. Donc tout le monde doit lutter ensemble pour la combattre\u00bb, a soutenu M. Callegaro. \u00a0L\u2019ambassadeur de l\u2019Union europ\u00e9enne en C\u00f4te d\u2019Ivoire \u00a0Jobst Von Kirchmann, a salu\u00e9 de son c\u00f4t\u00e9 la solidarit\u00e9 dont l\u2019Allemagne fait preuve en Europe et \u00e0 l\u2019ext\u00e9rieur dans la lutte contre le Covid-19. \u00a0<\/p>\n<p>Depuis le 02 avril dernier, la Fondation Magic System a lanc\u00e9 de concert avec ses partenaires, une caravane de solidarit\u00e9 pour aider les populations vuln\u00e9rables ivoiriennes contre le Covid-19.<\/p>\n<p>\u00a0Apr\u00e8s la premi\u00e8re phase de cette caravane de solidarit\u00e9 qui a vu la distribution de produits sanitaires et alimentaires \u00e0 des milliers de familles pauvres de la capitale \u00e9conomique ivoirienne, elle s\u2019est \u00e9tendue aux villes du Grand Abidjan.<\/p>\n<\/div>\n<p>Auteur: APA News<br \/>\n<a href=\"https:\/\/www.journalducameroun.com\/cote-divoire-covid-19-la-fondation-magic-system-annonce-un-telethon-pour-aider-les-populations-vulnerables\/\">Cliquez ici pour lire l&rsquo;article depuis sa source.<\/a><\/p>\n","protected":false},"excerpt":{"rendered":"<p>Publi\u00e9 le 24.04.2020 \u00e0 19h18 par APA News La Fondation Magic System et ses partenaires dont l\u2019Union Europ\u00e9enne (UE) et la Fondation Didier Drogba, organiseront \u00ab d\u00e8s la semaine prochaine \u00bb un t\u00e9l\u00e9thon pour recueillir des dons en vue d\u2019aider les populations vuln\u00e9rables ivoiriennes dans la lutte contre la propagation du Covid-19.L\u2019annonce a \u00e9t\u00e9 faite [&hellip;]<\/p>\n","protected":false},"author":1965,"featured_media":0,"comment_status":"closed","ping_status":"closed","sticky":false,"template":"","format":"standard","meta":{"fifu_image_url":"","fifu_image_alt":"","footnotes":""},"categories":[73,82],"tags":[],"class_list":["post-83360","post","type-post","status-publish","format-standard","hentry","category-actualite","category-cameroun"],"_links":{"self":[{"href":"https:\/\/linitiative.ca\/International\/wp-json\/wp\/v2\/posts\/83360","targetHints":{"allow":["GET"]}}],"collection":[{"href":"https:\/\/linitiative.ca\/International\/wp-json\/wp\/v2\/posts"}],"about":[{"href":"https:\/\/linitiative.ca\/International\/wp-json\/wp\/v2\/types\/post"}],"author":[{"embeddable":true,"href":"https:\/\/linitiative.ca\/International\/wp-json\/wp\/v2\/users\/1965"}],"replies":[{"embeddable":true,"href":"https:\/\/linitiative.ca\/International\/wp-json\/wp\/v2\/comments?post=83360"}],"version-history":[{"count":0,"href":"https:\/\/linitiative.ca\/International\/wp-json\/wp\/v2\/posts\/83360\/revisions"}],"wp:attachment":[{"href":"https:\/\/linitiative.ca\/International\/wp-json\/wp\/v2\/media?parent=83360"}],"wp:term":[{"taxonomy":"category","embeddable":true,"href":"https:\/\/linitiative.ca\/International\/wp-json\/wp\/v2\/categories?post=83360"},{"taxonomy":"post_tag","embeddable":true,"href":"https:\/\/linitiative.ca\/International\/wp-json\/wp\/v2\/tags?post=83360"}],"curies":[{"name":"wp","href":"https:\/\/api.w.org\/{rel}","templated":true}]}}