{"id":83361,"date":"2020-04-24T14:18:11","date_gmt":"2020-04-24T18:18:11","guid":{"rendered":"https:\/\/linitiative.ca\/International\/covid-19-le-couvre-feu-a-nouveau-proroge-jusquau-30-avril-2020-officiel\/"},"modified":"2020-04-24T14:18:11","modified_gmt":"2020-04-24T18:18:11","slug":"covid-19-le-couvre-feu-a-nouveau-proroge-jusquau-30-avril-2020-officiel","status":"publish","type":"post","link":"https:\/\/linitiative.ca\/International\/covid-19-le-couvre-feu-a-nouveau-proroge-jusquau-30-avril-2020-officiel\/","title":{"rendered":"Covid-19: le couvre-feu \u00e0 nouveau prorog\u00e9 jusqu\u2019au 30 avril 2020 (officiel)"},"content":{"rendered":"<div readability=\"32\">\n<p>Publi\u00e9 le 24.04.2020 \u00e0 19h18 par APA News<\/p>\n<\/div>\n<div readability=\"93\">\n<p>En C\u00f4te d\u2019Ivoire, le couvre-feu instaur\u00e9 le 24 mars 2020, puis reconduit pour \u00ab une p\u00e9riode de 15 jours allant du 8 au 24 avril 2020, de 21h00 \u00e0 5h00 du matin \u00bb pour casser la cha\u00eene de propagation du Covid-19, a \u00e9t\u00e9 \u00e0 nouveau prorog\u00e9 vendredi jusqu\u2019au 30 avril 2020.L\u2019information a \u00e9t\u00e9 donn\u00e9e, vendredi, par le porte-parole de la police nationale ivoirienne, Bleu Charlemagne, \u00e0 l\u2019occasion d\u2019un point de presse quotidien du gouvernement sur la situation du Covid-19 et les actions entreprises en vue de contenir la pand\u00e9mie.\u00a0<\/p>\n<p>La prorogation de ce couvre-feu intervient \u00e0 la suite de plusieurs violations de la mesure du couvre-feu constat\u00e9es dans la nuit de jeudi \u00e0 vendredi dans plusieurs communes du District d\u2019Abidjan, indique un rapport de la gendarmerie dont APA a re\u00e7u copie. \u00a0<\/p>\n<p>A Koumassi, dans le Sud d\u2019Abidjan, des populations des quartiers \u00ab Remblais \u00bb et \u00ab Terminus 05 \u00bb ont suivi des mouvements de foule pr\u00e9textant la fin du couvre-feu. Alert\u00e9es, plusieurs unit\u00e9s de la gendarmerie nationale ont \u00e9t\u00e9 envoy\u00e9es en renfort au dispositif habituel d\u2019Abidjan-Sud.<\/p>\n<p>\u00ab Au cours de cette op\u00e9ration, 21 personnes ont \u00e9t\u00e9 interpell\u00e9es et un v\u00e9hicule a \u00e9t\u00e9 saisi \u00bb, souligne le rapport de la gendarmerie ivoirienne qui mentionne que \u00ab ces derniers seront d\u00e9f\u00e9r\u00e9s vers le Parquet d\u2019Abidjan-Plateau \u00bb.\u00a0<\/p>\n<p>\u00ab Nous avons constat\u00e9, hier, aux environs de 21h qu\u2019une rumeur diffus\u00e9e sur certaines toiles \u00e0 fait descendre des populations d\u2019Abidjan Sud dans les rues au motif de la lev\u00e9e du couvre-feu \u00bb, a dit Bleu Charlemagne, d\u00e9clarant qu\u2019 \u00ab il n\u2019en est rien \u00bb. \u00a0\u00a0<\/p>\n<p>Rapportant une mesure des ministres en charge de la S\u00e9curit\u00e9 et de la D\u00e9fense, le porte-parole de la police ivoirienne a annonc\u00e9 que \u00ab le couvre-feu, premi\u00e8re des huit mesures prises par le chef de l\u2019Etat dans le cadre de l\u2019\u00e9tat d\u2019urgence, demeure en vigueur jusqu\u2019au 30 avril 2020 \u00bb. \u00a0<\/p>\n<p>Le Conseil des ministres a adopt\u00e9, il y a quelques jours, un d\u00e9cret prorogeant pour la premi\u00e8re fois la dur\u00e9e du couvre-feu, compte tenu de l\u2019imp\u00e9rieuse n\u00e9cessit\u00e9 de renforcer et de consolider les mesures de riposte contre le Covid-19, au regard du nombre croissant de personnes contamin\u00e9es. \u00a0 \u00a0<\/p>\n<p>La C\u00f4te d\u2019Ivoire a enregistr\u00e9 jeudi 52 nouveaux cas d\u2019infection au Covid-19, atteignant 1 004 cas confirm\u00e9s dont 359 gu\u00e9ris et 14 \u00a0d\u00e9c\u00e8s depuis le 11 mars 2020, selon un bilan du minist\u00e8re de la Sant\u00e9 et de l\u2019hygi\u00e8ne publique. Le pays a franchi le cap des 1 000 cas en moins de deux mois.\u00a0<\/p>\n<\/div>\n<p>Auteur: APA News<br \/>\n<a href=\"https:\/\/www.journalducameroun.com\/covid-19-le-couvre-feu-a-nouveau-proroge-jusquau-30-avril-2020-officiel\/\">Cliquez ici pour lire l&rsquo;article depuis sa source.<\/a><\/p>\n","protected":false},"excerpt":{"rendered":"<p>Publi\u00e9 le 24.04.2020 \u00e0 19h18 par APA News En C\u00f4te d\u2019Ivoire, le couvre-feu instaur\u00e9 le 24 mars 2020, puis reconduit pour \u00ab une p\u00e9riode de 15 jours allant du 8 au 24 avril 2020, de 21h00 \u00e0 5h00 du matin \u00bb pour casser la cha\u00eene de propagation du Covid-19, a \u00e9t\u00e9 \u00e0 nouveau prorog\u00e9 vendredi [&hellip;]<\/p>\n","protected":false},"author":1965,"featured_media":0,"comment_status":"closed","ping_status":"closed","sticky":false,"template":"","format":"standard","meta":{"fifu_image_url":"","fifu_image_alt":"","footnotes":""},"categories":[73,82],"tags":[],"class_list":["post-83361","post","type-post","status-publish","format-standard","hentry","category-actualite","category-cameroun"],"_links":{"self":[{"href":"https:\/\/linitiative.ca\/International\/wp-json\/wp\/v2\/posts\/83361","targetHints":{"allow":["GET"]}}],"collection":[{"href":"https:\/\/linitiative.ca\/International\/wp-json\/wp\/v2\/posts"}],"about":[{"href":"https:\/\/linitiative.ca\/International\/wp-json\/wp\/v2\/types\/post"}],"author":[{"embeddable":true,"href":"https:\/\/linitiative.ca\/International\/wp-json\/wp\/v2\/users\/1965"}],"replies":[{"embeddable":true,"href":"https:\/\/linitiative.ca\/International\/wp-json\/wp\/v2\/comments?post=83361"}],"version-history":[{"count":0,"href":"https:\/\/linitiative.ca\/International\/wp-json\/wp\/v2\/posts\/83361\/revisions"}],"wp:attachment":[{"href":"https:\/\/linitiative.ca\/International\/wp-json\/wp\/v2\/media?parent=83361"}],"wp:term":[{"taxonomy":"category","embeddable":true,"href":"https:\/\/linitiative.ca\/International\/wp-json\/wp\/v2\/categories?post=83361"},{"taxonomy":"post_tag","embeddable":true,"href":"https:\/\/linitiative.ca\/International\/wp-json\/wp\/v2\/tags?post=83361"}],"curies":[{"name":"wp","href":"https:\/\/api.w.org\/{rel}","templated":true}]}}