{"id":83362,"date":"2020-04-24T10:46:15","date_gmt":"2020-04-24T14:46:15","guid":{"rendered":"https:\/\/linitiative.ca\/International\/coronavirus-loceac-appui-le-plan-de-riposte-des-pays-de-la-zone-des-trois-frontieres\/"},"modified":"2020-04-24T10:46:15","modified_gmt":"2020-04-24T14:46:15","slug":"coronavirus-loceac-appui-le-plan-de-riposte-des-pays-de-la-zone-des-trois-frontieres","status":"publish","type":"post","link":"https:\/\/linitiative.ca\/International\/coronavirus-loceac-appui-le-plan-de-riposte-des-pays-de-la-zone-des-trois-frontieres\/","title":{"rendered":"Coronavirus : l\u2019Oceac appui le plan de riposte des pays de la zone des trois fronti\u00e8res"},"content":{"rendered":"<div id=\"the-post\">\n<div class=\"featured-area featured-area-inner\" readability=\"8\"><img loading=\"lazy\" decoding=\"async\" width=\"620\" height=\"465\" src=\"https:\/\/ecomatin.net\/wp-content\/uploads\/2020\/04\/OCEAC.png\" class=\"attachment-jannah-image-post size-jannah-image-post wp-post-image\" alt=\"s&#xE9;ance de travail pour le lancement des activit&#xE9;s de lutte au niveau transfrontalier des pays de la CEMAC\" srcset=\"https:\/\/ecomatin.net\/wp-content\/uploads\/2020\/04\/OCEAC.png 620w, https:\/\/ecomatin.net\/wp-content\/uploads\/2020\/04\/OCEAC-300x225.png 300w\" sizes=\"auto, (max-width: 620px) 100vw, 620px\" data-attachment-id=\"15448\" data-permalink=\"https:\/\/ecomatin.net\/coronavirus-loceac-appui-le-plan-de-riposte-des-pays-de-la-zone-des-trois-frontieres\/oceac\/\" data-orig-file=\"https:\/\/ecomatin.net\/wp-content\/uploads\/2020\/04\/OCEAC.png\" data-orig-size=\"620,465\" data-comments-opened=\"0\" data-image-meta=\"{&quot;aperture&quot;:&quot;0&quot;,&quot;credit&quot;:&quot;&quot;,&quot;camera&quot;:&quot;&quot;,&quot;caption&quot;:&quot;&quot;,&quot;created_timestamp&quot;:&quot;0&quot;,&quot;copyright&quot;:&quot;&quot;,&quot;focal_length&quot;:&quot;0&quot;,&quot;iso&quot;:&quot;0&quot;,&quot;shutter_speed&quot;:&quot;0&quot;,&quot;title&quot;:&quot;&quot;,&quot;orientation&quot;:&quot;0&quot;}\" data-image-title=\"OCEAC\" data-image-description=\"\" data-medium-file=\"https:\/\/ecomatin.net\/wp-content\/uploads\/2020\/04\/OCEAC-300x225.png\" data-large-file=\"https:\/\/ecomatin.net\/wp-content\/uploads\/2020\/04\/OCEAC.png\"\/> s\u00e9ance de travail pour le lancement des activit\u00e9s de lutte au niveau transfrontalier des pays de la CEMAC<\/div>\n<div class=\"entry-content entry clearfix\" readability=\"46.2443298969\">\n<p>Le secr\u00e9taire g\u00e9n\u00e9ral de l\u2019Organisation de Coordination pour la lutte contre les End\u00e9mies en Afrique centrale (Oceac), Manuel Nso Obiang Ada a conduit une mission de distribution des dons en mat\u00e9riel dans la zone des trois fronti\u00e8res Cameroun-Gabon-Guin\u00e9e Equatoriale, plus pr\u00e9cis\u00e9ment dans les villes respectives d\u2019Ambam, Bitam et Ebebiyin. L\u2019organisme sp\u00e9cialis\u00e9 en mati\u00e8re de sant\u00e9 dans la Communaut\u00e9 \u00e9conomique et mon\u00e9taire de l\u2019Afrique centrale (Cemac) s\u2019inscrit dans la logique de soutien aux diff\u00e9rents plans nationaux de riposte contre le virus.<\/p>\n<p>Dans les colonnes du quotidien Cameroun Tribune du 23 avril, Manuel Nso Obiang Ada indiquait la nature du don\u00a0: \u00ab\u00a0<em>Chaque point d\u2019entr\u00e9e sera dot\u00e9e d\u2019un kit comprenant une tente et accessoires, des chaises, un kit de panneau solaires, des thermos flashs, des gels hydro-alcooliques, des dispositifs de lavage des mains et des d\u00e9sinfectants. Cette dotation, remise \u00e0 chacune des \u00e9tapes, concerne chaque c\u00f4t\u00e9 du point d\u2019entr\u00e9e dans les trois pays concern\u00e9s\u00a0<\/em>\u00bb.<\/p>\n<p>Pour rappel l\u2019Oceac a \u00e9t\u00e9 cr\u00e9\u00e9e en 1963 \u00e0 Yaound\u00e9 par la volont\u00e9 des Ministres de la Sant\u00e9 du Cameroun, du Congo, du Gabon, de la RCA et du Tchad. L\u2019organisme est charg\u00e9 de la coordination des politiques et des actions de sant\u00e9, dans la sous-r\u00e9gion.<\/p>\n<p class=\"c2\"><strong><code>&gt;&gt;Lire aussi-<\/code> <a href=\"https:\/\/ecomatin.net\/coronavirus-la-cemac-pourrait-perdre-26537-milliards-de-f-cfa-de-recettes-petrolieres\/\">Coronavirus: la Cemac pourrait perdre 26537 milliards de FCFA en recettes p\u00e9troli\u00e8res<\/a><\/strong><\/p>\n<div class=\"awac-wrapper awac widget posts-list-widget-13\">\n<h4 class=\"widget-title\">Recent Posts<\/h4>\n<\/div>\n<\/div>\n<\/div>\n<div readability=\"31.5\">\n<div class=\"container-wrapper subscribe-widget widget-inner-wrap subscribe-widget-content\" id=\"post-newsletter\" readability=\"33\">\n<h4>With Product You Purchase<\/h4>\n<h3>Subscribe to our mailing list to get the new updates!<\/h3>\n<p>Lorem ipsum dolor sit amet, consectetur.<\/p>\n<\/div>\n<\/div>\n<p>Auteur: EcoMatin<br \/>\n<a href=\"https:\/\/ecomatin.net\/coronavirus-loceac-appui-le-plan-de-riposte-des-pays-de-la-zone-des-trois-frontieres\/\">Cliquez ici pour lire l&rsquo;article depuis sa source.<\/a><\/p>\n","protected":false},"excerpt":{"rendered":"<p>s\u00e9ance de travail pour le lancement des activit\u00e9s de lutte au niveau transfrontalier des pays de la CEMAC Le secr\u00e9taire g\u00e9n\u00e9ral de l\u2019Organisation de Coordination pour la lutte contre les End\u00e9mies en Afrique centrale (Oceac), Manuel Nso Obiang Ada a conduit une mission de distribution des dons en mat\u00e9riel dans la zone des trois fronti\u00e8res [&hellip;]<\/p>\n","protected":false},"author":1969,"featured_media":0,"comment_status":"closed","ping_status":"closed","sticky":false,"template":"","format":"standard","meta":{"fifu_image_url":"","fifu_image_alt":"","footnotes":""},"categories":[82,78],"tags":[],"class_list":["post-83362","post","type-post","status-publish","format-standard","hentry","category-cameroun","category-economie"],"_links":{"self":[{"href":"https:\/\/linitiative.ca\/International\/wp-json\/wp\/v2\/posts\/83362","targetHints":{"allow":["GET"]}}],"collection":[{"href":"https:\/\/linitiative.ca\/International\/wp-json\/wp\/v2\/posts"}],"about":[{"href":"https:\/\/linitiative.ca\/International\/wp-json\/wp\/v2\/types\/post"}],"author":[{"embeddable":true,"href":"https:\/\/linitiative.ca\/International\/wp-json\/wp\/v2\/users\/1969"}],"replies":[{"embeddable":true,"href":"https:\/\/linitiative.ca\/International\/wp-json\/wp\/v2\/comments?post=83362"}],"version-history":[{"count":0,"href":"https:\/\/linitiative.ca\/International\/wp-json\/wp\/v2\/posts\/83362\/revisions"}],"wp:attachment":[{"href":"https:\/\/linitiative.ca\/International\/wp-json\/wp\/v2\/media?parent=83362"}],"wp:term":[{"taxonomy":"category","embeddable":true,"href":"https:\/\/linitiative.ca\/International\/wp-json\/wp\/v2\/categories?post=83362"},{"taxonomy":"post_tag","embeddable":true,"href":"https:\/\/linitiative.ca\/International\/wp-json\/wp\/v2\/tags?post=83362"}],"curies":[{"name":"wp","href":"https:\/\/api.w.org\/{rel}","templated":true}]}}