{"id":83363,"date":"2020-04-24T10:53:42","date_gmt":"2020-04-24T14:53:42","guid":{"rendered":"https:\/\/linitiative.ca\/International\/covid-19-668-camerounais-bloques-a-letranger\/"},"modified":"2020-04-24T10:53:42","modified_gmt":"2020-04-24T14:53:42","slug":"covid-19-668-camerounais-bloques-a-letranger","status":"publish","type":"post","link":"https:\/\/linitiative.ca\/International\/covid-19-668-camerounais-bloques-a-letranger\/","title":{"rendered":"Covid-19 : 668 Camerounais bloqu\u00e9s \u00e0 l\u2019\u00e9tranger"},"content":{"rendered":"<div id=\"the-post\">\n<div class=\"featured-area featured-area-inner\"><img loading=\"lazy\" decoding=\"async\" width=\"512\" height=\"341\" src=\"https:\/\/ecomatin.net\/wp-content\/uploads\/2020\/04\/rappatriement.jpg\" class=\"attachment-jannah-image-post size-jannah-image-post wp-post-image\" alt=\"\" srcset=\"https:\/\/ecomatin.net\/wp-content\/uploads\/2020\/04\/rappatriement.jpg 512w, https:\/\/ecomatin.net\/wp-content\/uploads\/2020\/04\/rappatriement-300x200.jpg 300w\" sizes=\"auto, (max-width: 512px) 100vw, 512px\" data-attachment-id=\"15451\" data-permalink=\"https:\/\/ecomatin.net\/covid-19-668-camerounais-bloques-a-letranger\/rappatriement\/\" data-orig-file=\"https:\/\/ecomatin.net\/wp-content\/uploads\/2020\/04\/rappatriement.jpg\" data-orig-size=\"512,341\" data-comments-opened=\"0\" data-image-meta=\"{&quot;aperture&quot;:&quot;0&quot;,&quot;credit&quot;:&quot;&quot;,&quot;camera&quot;:&quot;&quot;,&quot;caption&quot;:&quot;&quot;,&quot;created_timestamp&quot;:&quot;0&quot;,&quot;copyright&quot;:&quot;&quot;,&quot;focal_length&quot;:&quot;0&quot;,&quot;iso&quot;:&quot;0&quot;,&quot;shutter_speed&quot;:&quot;0&quot;,&quot;title&quot;:&quot;&quot;,&quot;orientation&quot;:&quot;0&quot;}\" data-image-title=\"rappatriement\" data-image-description=\"\" data-medium-file=\"https:\/\/ecomatin.net\/wp-content\/uploads\/2020\/04\/rappatriement-300x200.jpg\" data-large-file=\"https:\/\/ecomatin.net\/wp-content\/uploads\/2020\/04\/rappatriement.jpg\"\/><\/div>\n<div class=\"entry-content entry clearfix\" readability=\"36.2322580645\">\n<p>Les services du Premier ministre ont fait \u00e9tat jeudi 23 avril de plusieurs centaines de Camerounais encore bloqu\u00e9s \u00e0 l\u2019\u00e9tranger du fait de la fermeture des fronti\u00e8res d\u00e9cid\u00e9e par plusieurs pays pour limiter la propagation du coronavirus.<\/p>\n<p>A ce jour\u00a0\u00ab\u00a0<em>un premier contingent de 675 Camerounais a d\u00e9j\u00e0 \u00e9t\u00e9 rapatri\u00e9 depuis la fermeture des fronti\u00e8res nationales depuis le 18 mars et 668 autres se trouvent encore bloqu\u00e9s\u00a0\u00a0dans plusieurs pays \u00e9trangers<\/em>\u00a0\u00bb souligne le communiqu\u00e9 sign\u00e9 par le Secr\u00e9taire g\u00e9n\u00e9ral des Services du Premier ministre\u00a0\u00a0\u00e0 l\u2019issue de la r\u00e9union du comit\u00e9 interminist\u00e9riel charg\u00e9 d\u2019\u00e9valuer et de suivre la mise de la strat\u00e9gie de riposte du gouvernement contre la pand\u00e9mie du Covid-19.<\/p>\n<p>Des n\u00e9gociations sont en cours \u00e0 la diligence du ministre des Relations ext\u00e9rieures, pour l\u2019organisation des vols sp\u00e9ciaux avec l\u2019appui des chancelleries \u00e9trang\u00e8res et des repr\u00e9sentations diplomatiques du Cameroun concern\u00e9es en vue du rapatriement dans les prochains jours du deuxi\u00e8me contingent renseigne S\u00e9raphin Fouda dans son compte-rendu de la r\u00e9union du comit\u00e9 interminist\u00e9riel charg\u00e9 d\u2019\u00e9valuer et de suivre la mise en \u0153uvre de la strat\u00e9gie gouvernementale de riposte contre la pand\u00e9mie du Covid-19. Parall\u00e8lement, le gouvernement facilite le rapatriement des \u00e9trangers d\u00e9sireux de retourner dans leurs pays respectifs.<\/p>\n<p class=\"c2\"><strong><code>&gt;&gt;Lire aussi-<\/code> <a href=\"https:\/\/ecomatin.net\/coronavirus-air-france-autorisee-a-embarquer-les-passagers\/\">Coronavirus: Air France autoris\u00e9e \u00e0 embarquer les passagers<\/a><\/strong><\/p>\n<div class=\"awac-wrapper awac widget posts-list-widget-13\">\n<h4 class=\"widget-title\">Recent Posts<\/h4>\n<\/div>\n<\/div>\n<\/div>\n<div readability=\"31.5\">\n<div class=\"container-wrapper subscribe-widget widget-inner-wrap subscribe-widget-content\" id=\"post-newsletter\" readability=\"33\">\n<h4>With Product You Purchase<\/h4>\n<h3>Subscribe to our mailing list to get the new updates!<\/h3>\n<p>Lorem ipsum dolor sit amet, consectetur.<\/p>\n<\/div>\n<\/div>\n<p>Auteur: EcoMatin<br \/>\n<a href=\"https:\/\/ecomatin.net\/covid-19-668-camerounais-bloques-a-letranger\/\">Cliquez ici pour lire l&rsquo;article depuis sa source.<\/a><\/p>\n","protected":false},"excerpt":{"rendered":"<p>Les services du Premier ministre ont fait \u00e9tat jeudi 23 avril de plusieurs centaines de Camerounais encore bloqu\u00e9s \u00e0 l\u2019\u00e9tranger du fait de la fermeture des fronti\u00e8res d\u00e9cid\u00e9e par plusieurs pays pour limiter la propagation du coronavirus. A ce jour\u00a0\u00ab\u00a0un premier contingent de 675 Camerounais a d\u00e9j\u00e0 \u00e9t\u00e9 rapatri\u00e9 depuis la fermeture des fronti\u00e8res nationales [&hellip;]<\/p>\n","protected":false},"author":1969,"featured_media":0,"comment_status":"closed","ping_status":"closed","sticky":false,"template":"","format":"standard","meta":{"fifu_image_url":"","fifu_image_alt":"","footnotes":""},"categories":[82,78],"tags":[],"class_list":["post-83363","post","type-post","status-publish","format-standard","hentry","category-cameroun","category-economie"],"_links":{"self":[{"href":"https:\/\/linitiative.ca\/International\/wp-json\/wp\/v2\/posts\/83363","targetHints":{"allow":["GET"]}}],"collection":[{"href":"https:\/\/linitiative.ca\/International\/wp-json\/wp\/v2\/posts"}],"about":[{"href":"https:\/\/linitiative.ca\/International\/wp-json\/wp\/v2\/types\/post"}],"author":[{"embeddable":true,"href":"https:\/\/linitiative.ca\/International\/wp-json\/wp\/v2\/users\/1969"}],"replies":[{"embeddable":true,"href":"https:\/\/linitiative.ca\/International\/wp-json\/wp\/v2\/comments?post=83363"}],"version-history":[{"count":0,"href":"https:\/\/linitiative.ca\/International\/wp-json\/wp\/v2\/posts\/83363\/revisions"}],"wp:attachment":[{"href":"https:\/\/linitiative.ca\/International\/wp-json\/wp\/v2\/media?parent=83363"}],"wp:term":[{"taxonomy":"category","embeddable":true,"href":"https:\/\/linitiative.ca\/International\/wp-json\/wp\/v2\/categories?post=83363"},{"taxonomy":"post_tag","embeddable":true,"href":"https:\/\/linitiative.ca\/International\/wp-json\/wp\/v2\/tags?post=83363"}],"curies":[{"name":"wp","href":"https:\/\/api.w.org\/{rel}","templated":true}]}}