{"id":83364,"date":"2020-04-24T11:01:02","date_gmt":"2020-04-24T15:01:02","guid":{"rendered":"https:\/\/linitiative.ca\/International\/port-obligatoire-du-masque-le-prefet-du-mfoundi-en-mode-repression\/"},"modified":"2020-04-24T11:01:02","modified_gmt":"2020-04-24T15:01:02","slug":"port-obligatoire-du-masque-le-prefet-du-mfoundi-en-mode-repression","status":"publish","type":"post","link":"https:\/\/linitiative.ca\/International\/port-obligatoire-du-masque-le-prefet-du-mfoundi-en-mode-repression\/","title":{"rendered":"Port obligatoire du masque : le pr\u00e9fet du Mfoundi en mode r\u00e9pression"},"content":{"rendered":"<div id=\"the-post\">\n<div class=\"featured-area featured-area-inner\" readability=\"8\"><img loading=\"lazy\" decoding=\"async\" width=\"584\" height=\"415\" src=\"https:\/\/ecomatin.net\/wp-content\/uploads\/2020\/04\/Tsila-Yaounde.jpg\" class=\"attachment-jannah-image-post size-jannah-image-post wp-post-image\" alt=\"Jean Claude Tsila, Pr&#xE9;fet du Mfoundi\" srcset=\"https:\/\/ecomatin.net\/wp-content\/uploads\/2020\/04\/Tsila-Yaounde.jpg 584w, https:\/\/ecomatin.net\/wp-content\/uploads\/2020\/04\/Tsila-Yaounde-300x213.jpg 300w\" sizes=\"auto, (max-width: 584px) 100vw, 584px\" data-attachment-id=\"15454\" data-permalink=\"https:\/\/ecomatin.net\/port-obligatoire-du-masque-le-prefet-du-mfoundi-en-mode-repression\/tsila-yaounde\/\" data-orig-file=\"https:\/\/ecomatin.net\/wp-content\/uploads\/2020\/04\/Tsila-Yaounde.jpg\" data-orig-size=\"584,415\" data-comments-opened=\"0\" data-image-meta=\"{&quot;aperture&quot;:&quot;0&quot;,&quot;credit&quot;:&quot;BOSEL&quot;,&quot;camera&quot;:&quot;&quot;,&quot;caption&quot;:&quot;&quot;,&quot;created_timestamp&quot;:&quot;1585322602&quot;,&quot;copyright&quot;:&quot;&quot;,&quot;focal_length&quot;:&quot;0&quot;,&quot;iso&quot;:&quot;0&quot;,&quot;shutter_speed&quot;:&quot;0&quot;,&quot;title&quot;:&quot;&quot;,&quot;orientation&quot;:&quot;0&quot;}\" data-image-title=\"Tsila Yaounde\" data-image-description=\"\" data-medium-file=\"https:\/\/ecomatin.net\/wp-content\/uploads\/2020\/04\/Tsila-Yaounde-300x213.jpg\" data-large-file=\"https:\/\/ecomatin.net\/wp-content\/uploads\/2020\/04\/Tsila-Yaounde.jpg\"\/> Jean Claude Tsila, Pr\u00e9fet du Mfoundi<\/div>\n<div class=\"entry-content entry clearfix\" readability=\"43.9619516562\">\n<p>Depuis la g\u00e9n\u00e9ralisation du port obligatoire du masque le 13 avril, les autorit\u00e9s du d\u00e9partement du Mfoundi sensibilisent les populations sur la mesure gouvernementale. Comme toutes choses ayant une fin, le pr\u00e9fet du Mfoundi Jean Claude Tsila marque le clap de fin de la phase de sensibilisation, pour entrer dans l\u2019\u00e8re de la r\u00e9pression.<\/p>\n<p>Selon lui, la r\u00e9pression pourrait aller jusqu\u2019\u00e0 la d\u00e9tention provisoire. \u00ab\u00a0<em>Nous sollicitons la responsabilit\u00e9 de chaque citoyen face \u00e0 la menace du Covid-19. Nous allons peut-\u00eatre plancher sur une privation\u00a0\u00a0momentan\u00e9e de la libert\u00e9. Ceci afin que les gens comprennent que s\u2019ils ne veulent pas porter de masque, qu\u2019ils ne se retrouvent pas sur la place publique. Il est question pour nous de limiter la circulation d la maladie et pour cette raison, leurs d\u00e9placements seront aussi limit\u00e9s. Dans les prochains jours, ces mesures seront effectives dans le Mfoundi. Des directives ont \u00e9t\u00e9 donn\u00e9es lundi par le gouverneur du Centre et il revient maintenant aux autorit\u00e9s administratives de les impl\u00e9menter. Notamment les sous-pr\u00e9fets, les maires qui sont sur le terrain et les responsables des services de s\u00e9curit\u00e9<\/em>\u00a0\u00bb, d\u00e9clare-t-il dans une interview accord\u00e9e au quotidien Cameroon Tribune.<\/p>\n<p>Depuis l\u2019apparition du Covid-19 au Cameroun, le pr\u00e9fet du Mfoundi est sur le qui-vive dans l\u2019application des mesures gouvernementales dans son unit\u00e9 administrative. L\u2019on se souvient de l\u2019arrestation d\u2019une cinquantaine de prostitu\u00e9es qui se livraient \u00e0 des pratiques sexuelles avec des personnes plac\u00e9es en confinement.<\/p>\n<p class=\"c2\"><strong><code>&gt;&gt;Lire aussi<\/code> <a href=\"https:\/\/ecomatin.net\/coronavirus-le-prefet-du-mfoundi-veille-au-respect-des-mesures-gouvernementales\/\">Coronavirus: le pr\u00e9fet du Mfoundi veille au respect des mesures gouvernementales<\/a><\/strong><\/p>\n<div class=\"awac-wrapper awac widget posts-list-widget-13\">\n<h4 class=\"widget-title\">Recent Posts<\/h4>\n<\/div>\n<\/div>\n<\/div>\n<div readability=\"31.5\">\n<div class=\"container-wrapper subscribe-widget widget-inner-wrap subscribe-widget-content\" id=\"post-newsletter\" readability=\"33\">\n<h4>With Product You Purchase<\/h4>\n<h3>Subscribe to our mailing list to get the new updates!<\/h3>\n<p>Lorem ipsum dolor sit amet, consectetur.<\/p>\n<\/div>\n<\/div>\n<p>Auteur: EcoMatin<br \/>\n<a href=\"https:\/\/ecomatin.net\/port-obligatoire-du-masque-le-prefet-du-mfoundi-en-mode-repression\/\">Cliquez ici pour lire l&rsquo;article depuis sa source.<\/a><\/p>\n","protected":false},"excerpt":{"rendered":"<p>Jean Claude Tsila, Pr\u00e9fet du Mfoundi Depuis la g\u00e9n\u00e9ralisation du port obligatoire du masque le 13 avril, les autorit\u00e9s du d\u00e9partement du Mfoundi sensibilisent les populations sur la mesure gouvernementale. Comme toutes choses ayant une fin, le pr\u00e9fet du Mfoundi Jean Claude Tsila marque le clap de fin de la phase de sensibilisation, pour entrer [&hellip;]<\/p>\n","protected":false},"author":1969,"featured_media":0,"comment_status":"closed","ping_status":"closed","sticky":false,"template":"","format":"standard","meta":{"fifu_image_url":"","fifu_image_alt":"","footnotes":""},"categories":[82,78],"tags":[],"class_list":["post-83364","post","type-post","status-publish","format-standard","hentry","category-cameroun","category-economie"],"_links":{"self":[{"href":"https:\/\/linitiative.ca\/International\/wp-json\/wp\/v2\/posts\/83364","targetHints":{"allow":["GET"]}}],"collection":[{"href":"https:\/\/linitiative.ca\/International\/wp-json\/wp\/v2\/posts"}],"about":[{"href":"https:\/\/linitiative.ca\/International\/wp-json\/wp\/v2\/types\/post"}],"author":[{"embeddable":true,"href":"https:\/\/linitiative.ca\/International\/wp-json\/wp\/v2\/users\/1969"}],"replies":[{"embeddable":true,"href":"https:\/\/linitiative.ca\/International\/wp-json\/wp\/v2\/comments?post=83364"}],"version-history":[{"count":0,"href":"https:\/\/linitiative.ca\/International\/wp-json\/wp\/v2\/posts\/83364\/revisions"}],"wp:attachment":[{"href":"https:\/\/linitiative.ca\/International\/wp-json\/wp\/v2\/media?parent=83364"}],"wp:term":[{"taxonomy":"category","embeddable":true,"href":"https:\/\/linitiative.ca\/International\/wp-json\/wp\/v2\/categories?post=83364"},{"taxonomy":"post_tag","embeddable":true,"href":"https:\/\/linitiative.ca\/International\/wp-json\/wp\/v2\/tags?post=83364"}],"curies":[{"name":"wp","href":"https:\/\/api.w.org\/{rel}","templated":true}]}}