{"id":83366,"date":"2020-04-24T14:24:29","date_gmt":"2020-04-24T18:24:29","guid":{"rendered":"https:\/\/linitiative.ca\/International\/affaire-albatros-le-pilote-de-lavion-presidentiel-est-decede\/"},"modified":"2020-04-24T14:24:29","modified_gmt":"2020-04-24T18:24:29","slug":"affaire-albatros-le-pilote-de-lavion-presidentiel-est-decede","status":"publish","type":"post","link":"https:\/\/linitiative.ca\/International\/affaire-albatros-le-pilote-de-lavion-presidentiel-est-decede\/","title":{"rendered":"Affaire albatros : le pilote de l\u2019avion pr\u00e9sidentiel est d\u00e9c\u00e9d\u00e9"},"content":{"rendered":"<div id=\"the-post\">\n<div class=\"featured-area featured-area-inner\"><img loading=\"lazy\" decoding=\"async\" width=\"780\" height=\"470\" src=\"https:\/\/ecomatin.net\/wp-content\/uploads\/2020\/04\/IMG-20200424-WA0024-1-780x470.jpg\" class=\"attachment-jannah-image-post size-jannah-image-post wp-post-image\" alt=\"\" data-attachment-id=\"15463\" data-permalink=\"https:\/\/ecomatin.net\/affaire-albatros-le-pilote-de-lavion-presidentiel-est-decede\/img-20200424-wa0024-2\/\" data-orig-file=\"https:\/\/ecomatin.net\/wp-content\/uploads\/2020\/04\/IMG-20200424-WA0024-1.jpg\" data-orig-size=\"1280,960\" data-comments-opened=\"0\" data-image-meta=\"{&quot;aperture&quot;:&quot;0&quot;,&quot;credit&quot;:&quot;&quot;,&quot;camera&quot;:&quot;&quot;,&quot;caption&quot;:&quot;&quot;,&quot;created_timestamp&quot;:&quot;0&quot;,&quot;copyright&quot;:&quot;&quot;,&quot;focal_length&quot;:&quot;0&quot;,&quot;iso&quot;:&quot;0&quot;,&quot;shutter_speed&quot;:&quot;0&quot;,&quot;title&quot;:&quot;&quot;,&quot;orientation&quot;:&quot;0&quot;}\" data-image-title=\"IMG-20200424-WA0024\" data-image-description=\"\" data-medium-file=\"https:\/\/ecomatin.net\/wp-content\/uploads\/2020\/04\/IMG-20200424-WA0024-1-300x225.jpg\" data-large-file=\"https:\/\/ecomatin.net\/wp-content\/uploads\/2020\/04\/IMG-20200424-WA0024-1-1024x768.jpg\"\/><\/div>\n<div class=\"entry-content entry clearfix\" readability=\"62.9780564263\">\n<p>Il s\u2019appelait Beno\u00eet Betam\u00a0; ancien pilote et directeur d\u2019exploitation de la d\u00e9funte Cameroon Airlines(Camair). Il est d\u00e9c\u00e9d\u00e9 ce jeudi 23 avril aux environs de 19h \u00e0 sa r\u00e9sidence \u00e0 Douala des suites d\u2019un arr\u00eat cardiaque. Ce dernier travaillait encore pour le compte de l\u2019autorit\u00e9 a\u00e9ronautique du Cameroun. P\u00e9tri d\u2019une riche carri\u00e8re Beno\u00eet Betam f\u00fbt pendant plusieurs ann\u00e9es le pilote du pr\u00e9sident Paul Biya. Il avait gravi les \u00e9chelons de commandant de bord et instructeur en obtenant ses qualifications sur Boeing 747, 767 et 737.<\/p>\n<p>Il est surtout devenu c\u00e9l\u00e8bre pour avoir pris, le premier, les commandes du Boeing 767-216 ER baptis\u00e9 \u00ab\u00a0The Albatross\u00a0\u00bb. Alors qu\u2019il devait conduire le chef de l\u2019Etat et sa famille en France, le commandant de bord Beno\u00eet Betam informa ce dernier que l\u2019avion \u00e9tait en panne. Les volets des ailes ne rentraient pas. Quelques temps apr\u00e8s, le probl\u00e8me sera r\u00e9solu l\u2019avion transporta le chef de l\u2019Etat pour la France, mais ce dernier ne l\u2019emprunta plus jamais.<\/p>\n<p>Apr\u00e8s ce vol, le colonel Charly Ndongu\u00e9 de l\u2019arm\u00e9e de l\u2019air d\u00e9clarait que \u00ab\u00a0<em>l\u2019avion pr\u00e9sidentiel n\u2019avait aucun probl\u00e8me\u2026 le commandant Betam avait juste voulu effrayer le Chef de l\u2019Etat<\/em>\u00a0\u00bb.\u00a0 Interrog\u00e9 \u00e0 ce propos par Xavier Mess\u00e8, alors Directeur de Publication du journal Mutations, le Commandant Betam f\u00eet une d\u00e9claration pour donner sa version des faits. Celle-ci ne sera publi\u00e9e qu\u2019apr\u00e8s sa mort. \u00ab\u00a0<em>En r\u00e9sum\u00e9, peu apr\u00e8s notre d\u00e9collage, de Nsimalen, nous avons eu un probl\u00e8me technique. Il s\u2019agissait en fait d\u2019un probl\u00e8me de volets de bord d\u2019attaque qui sont rest\u00e9s bloqu\u00e9s en position interm\u00e9diaire. Mon \u00e9quipage, assist\u00e9 par le m\u00e9decin accompagnateur n\u2019a pas r\u00e9ussi \u00e0 r\u00e9soudre dans un premier temps le probl\u00e8me. Il s\u2019agissait en fait d\u2019un moteur d\u2019entra\u00eenement des volets qui \u00e9tait gripp\u00e9. Par radio, j\u2019ai pu joindre notre maintenance \u00e0 douala qui m\u2019a confirm\u00e9 avoir la pi\u00e8ce de rechange en magasin et pouvoir nous d\u00e9panner en 30 minutes. J\u2019ai aussit\u00f4t inform\u00e9 notre passager VIP de la situation. Le choix \u00e9tant de revenir sur Nsimalen, de continuer sur paris avec la panne c\u2019est-\u00e0-dire en volant tr\u00e8s bas avec une vitesse tr\u00e8s r\u00e9duite, ou alors de venir \u00e0 Douala pour un d\u00e9pannage rapide. Je crois que sa d\u00e9cision de venir \u00e0 Douala \u00e9tait la plus sage. Bien entendu apr\u00e8s avoir mis en alerte les autorit\u00e9s locales. Mais seulement deux minutes avant l\u2019atterrissage \u00e0 Douala, nous avons r\u00e9ussi \u00e0 d\u00e9bloquer les volets et nous avons mis le cap sur paris que nous avons atteint apr\u00e8s 5h45 minutes de vol sans aucun autre incident. Maintenant, qu\u2019un pilote affirme qu\u2019on peut effectuer un long vol avec une telle anomalie, et de surcro\u00eet avec un VIP \u00e0 bord, c\u2019est quand m\u00eame surprenant<\/em>\u00a0\u00bb affirma-t-il.<\/p>\n<p>Rappelons que la suite de \u00ab\u00a0l\u2019affaire Albatros\u00a0\u00bb ira jusqu\u2019\u00e0 l\u2019interpellation de hautes personnalit\u00e9s au rang desquelles Jean Marie Atangana Mebara, Yves Michel Fotso et Marafat Hamidou Yaya.<\/p>\n<div class=\"awac-wrapper awac widget posts-list-widget-13\">\n<h4 class=\"widget-title\">Recent Posts<\/h4>\n<\/div>\n<\/div>\n<\/div>\n<div readability=\"31.5\">\n<div class=\"container-wrapper subscribe-widget widget-inner-wrap subscribe-widget-content\" id=\"post-newsletter\" readability=\"33\">\n<h4>With Product You Purchase<\/h4>\n<h3>Subscribe to our mailing list to get the new updates!<\/h3>\n<p>Lorem ipsum dolor sit amet, consectetur.<\/p>\n<\/div>\n<\/div>\n<p>Auteur: EcoMatin<br \/>\n<a href=\"https:\/\/ecomatin.net\/affaire-albatros-le-pilote-de-lavion-presidentiel-est-decede\/\">Cliquez ici pour lire l&rsquo;article depuis sa source.<\/a><\/p>\n","protected":false},"excerpt":{"rendered":"<p>Il s\u2019appelait Beno\u00eet Betam\u00a0; ancien pilote et directeur d\u2019exploitation de la d\u00e9funte Cameroon Airlines(Camair). Il est d\u00e9c\u00e9d\u00e9 ce jeudi 23 avril aux environs de 19h \u00e0 sa r\u00e9sidence \u00e0 Douala des suites d\u2019un arr\u00eat cardiaque. Ce dernier travaillait encore pour le compte de l\u2019autorit\u00e9 a\u00e9ronautique du Cameroun. P\u00e9tri d\u2019une riche carri\u00e8re Beno\u00eet Betam f\u00fbt pendant [&hellip;]<\/p>\n","protected":false},"author":1969,"featured_media":0,"comment_status":"closed","ping_status":"closed","sticky":false,"template":"","format":"standard","meta":{"fifu_image_url":"","fifu_image_alt":"","footnotes":""},"categories":[82,78],"tags":[],"class_list":["post-83366","post","type-post","status-publish","format-standard","hentry","category-cameroun","category-economie"],"_links":{"self":[{"href":"https:\/\/linitiative.ca\/International\/wp-json\/wp\/v2\/posts\/83366","targetHints":{"allow":["GET"]}}],"collection":[{"href":"https:\/\/linitiative.ca\/International\/wp-json\/wp\/v2\/posts"}],"about":[{"href":"https:\/\/linitiative.ca\/International\/wp-json\/wp\/v2\/types\/post"}],"author":[{"embeddable":true,"href":"https:\/\/linitiative.ca\/International\/wp-json\/wp\/v2\/users\/1969"}],"replies":[{"embeddable":true,"href":"https:\/\/linitiative.ca\/International\/wp-json\/wp\/v2\/comments?post=83366"}],"version-history":[{"count":0,"href":"https:\/\/linitiative.ca\/International\/wp-json\/wp\/v2\/posts\/83366\/revisions"}],"wp:attachment":[{"href":"https:\/\/linitiative.ca\/International\/wp-json\/wp\/v2\/media?parent=83366"}],"wp:term":[{"taxonomy":"category","embeddable":true,"href":"https:\/\/linitiative.ca\/International\/wp-json\/wp\/v2\/categories?post=83366"},{"taxonomy":"post_tag","embeddable":true,"href":"https:\/\/linitiative.ca\/International\/wp-json\/wp\/v2\/tags?post=83366"}],"curies":[{"name":"wp","href":"https:\/\/api.w.org\/{rel}","templated":true}]}}