{"id":83367,"date":"2020-04-24T19:41:00","date_gmt":"2020-04-24T23:41:00","guid":{"rendered":"https:\/\/linitiative.ca\/International\/pour-securiser-lalimentation-de-jerada-en-eau-potable-lonee-met-en-service-un-nouveau-projet-realise-dans-un-delai-tres-court\/"},"modified":"2020-04-24T19:41:00","modified_gmt":"2020-04-24T23:41:00","slug":"pour-securiser-lalimentation-de-jerada-en-eau-potable-lonee-met-en-service-un-nouveau-projet-realise-dans-un-delai-tres-court","status":"publish","type":"post","link":"https:\/\/linitiative.ca\/International\/pour-securiser-lalimentation-de-jerada-en-eau-potable-lonee-met-en-service-un-nouveau-projet-realise-dans-un-delai-tres-court\/","title":{"rendered":"Pour s\u00e9curiser l\u2019alimentation de Jerada en eau potable : L\u2019ONEE met en service un nouveau projet r\u00e9alis\u00e9 dans un d\u00e9lai tr\u00e8s court"},"content":{"rendered":"<header>\n<\/header>\n<div class=\"entry-content clearfix\" readability=\"63\"><img decoding=\"async\" class=\"post_layout_5_img\" src=\"http:\/\/aujourdhui.ma\/wp-content\/uploads\/2017\/08\/eau-potable.jpg?x29840\" alt=\"Pour s&#xE9;curiser l&#x2019;alimentation de Jerada en eau potable : L&#x2019;ONEE met en service un nouveau projet r&#xE9;alis&#xE9; dans un d&#xE9;lai tr&#xE8;s court\"\/><\/p>\n<p dir=\"ltr\"><strong>L\u2019Office national de l\u2019\u00e9lectricit\u00e9 et de l\u2019eau potable (ONEE) a proc\u00e9d\u00e9 jeudi \u00e0 la mise en service d\u2019un nouveau projet de renforcement de l\u2019alimentation en eau potable de la commune de Laouinate relevant de la province de Jerada.<\/strong><span id=\"more-342799\"\/><\/p>\n<p dir=\"ltr\">Cette r\u00e9alisation s\u2019inscrit dans le cadre du programme de d\u00e9veloppement strat\u00e9gique de l\u2019Office visant le renforcement de l\u2019approvisionnement en eau potable au niveau national et aussi dans le cadre de son plan d\u2019action visant \u00e0 assurer la continuit\u00e9 des services d\u2019\u00e9lectricit\u00e9, d\u2019eau potable et d\u2019assainissement liquide dans le contexte exceptionnel de l\u2019urgence sanitaire de lutte contre le Covid-19.<\/p>\n<p dir=\"ltr\">Ce projet va permettre de renforcer et de s\u00e9curiser l\u2019alimentation en eau potable du centre et des douars relevant de la commune de Laouinate ainsi que des quartiers Ibn Rochd, Intilaq et Oulad Amar en plus de l\u2019h\u00f4pital provincial relevant de la ville de Jerada.<\/p>\n<p dir=\"ltr\">Il y a lieu de pr\u00e9ciser que ce projet a \u00e9t\u00e9 r\u00e9alis\u00e9 dans un d\u00e9lai tr\u00e8s court de deux semaines, avec les moyens propres de l\u2019ONEE et gr\u00e2ce \u00e0 la mobilisation et aux efforts des ing\u00e9nieurs, des cadres et des techniciens de l\u2019Office et ce malgr\u00e9 les conditions exceptionnelles li\u00e9es \u00e0 l\u2019\u00e9tat d\u2019urgence sanitaire que vit notre pays.<\/p>\n<p dir=\"ltr\">Le projet a consist\u00e9 en la r\u00e9alisation d\u2019ouvrages portant sur\u00a0 l\u2019\u00e9quipement d\u2019un forage d\u2019un d\u00e9bit de 5 litres\/seconde, un maillage pour la connexion des r\u00e9seaux d\u2019eau potable de Jerada et Laouinate sur un lin\u00e9aire de 500 m\u00e8tres pour le renforcement de l\u2019alimentation en eau potable des quartiers Ibn Rochd, Intilaq et Oulad Amar relevant de la ville de Jerada et une ligne \u00e9lectrique sur une longueur de 350 m\u00e8tres.<\/p>\n<p dir=\"ltr\">Le projet permettra d\u2019assurer l\u2019approvisionnement en eau potable de la commune de Laouinate pour une population b\u00e9n\u00e9ficiaire de 7.000 habitants et contribuera \u00e0 l\u2019am\u00e9lioration des conditions de vie des populations et au d\u00e9veloppement socio-\u00e9conomique de la r\u00e9gion.<\/p>\n<\/div>\n<p>Auteur: ALM<br \/>\n<a href=\"http:\/\/aujourdhui.ma\/actualite\/pour-securiser-lalimentation-de-jerada-en-eau-potable-lonee-met-en-service-un-nouveau-projet-realise-dans-un-delai-tres-court\">Cliquez ici pour lire l&rsquo;article depuis sa source.<\/a><\/p>\n","protected":false},"excerpt":{"rendered":"<p>L\u2019Office national de l\u2019\u00e9lectricit\u00e9 et de l\u2019eau potable (ONEE) a proc\u00e9d\u00e9 jeudi \u00e0 la mise en service d\u2019un nouveau projet de renforcement de l\u2019alimentation en eau potable de la commune de Laouinate relevant de la province de Jerada. Cette r\u00e9alisation s\u2019inscrit dans le cadre du programme de d\u00e9veloppement strat\u00e9gique de l\u2019Office visant le renforcement de [&hellip;]<\/p>\n","protected":false},"author":1759,"featured_media":0,"comment_status":"closed","ping_status":"closed","sticky":false,"template":"","format":"standard","meta":{"fifu_image_url":"","fifu_image_alt":"","footnotes":""},"categories":[73,54],"tags":[],"class_list":["post-83367","post","type-post","status-publish","format-standard","hentry","category-actualite","category-maroc"],"_links":{"self":[{"href":"https:\/\/linitiative.ca\/International\/wp-json\/wp\/v2\/posts\/83367","targetHints":{"allow":["GET"]}}],"collection":[{"href":"https:\/\/linitiative.ca\/International\/wp-json\/wp\/v2\/posts"}],"about":[{"href":"https:\/\/linitiative.ca\/International\/wp-json\/wp\/v2\/types\/post"}],"author":[{"embeddable":true,"href":"https:\/\/linitiative.ca\/International\/wp-json\/wp\/v2\/users\/1759"}],"replies":[{"embeddable":true,"href":"https:\/\/linitiative.ca\/International\/wp-json\/wp\/v2\/comments?post=83367"}],"version-history":[{"count":0,"href":"https:\/\/linitiative.ca\/International\/wp-json\/wp\/v2\/posts\/83367\/revisions"}],"wp:attachment":[{"href":"https:\/\/linitiative.ca\/International\/wp-json\/wp\/v2\/media?parent=83367"}],"wp:term":[{"taxonomy":"category","embeddable":true,"href":"https:\/\/linitiative.ca\/International\/wp-json\/wp\/v2\/categories?post=83367"},{"taxonomy":"post_tag","embeddable":true,"href":"https:\/\/linitiative.ca\/International\/wp-json\/wp\/v2\/tags?post=83367"}],"curies":[{"name":"wp","href":"https:\/\/api.w.org\/{rel}","templated":true}]}}