{"id":83370,"date":"2020-04-25T09:06:58","date_gmt":"2020-04-25T13:06:58","guid":{"rendered":"https:\/\/linitiative.ca\/International\/fdar-ma-une-plateforme-e-commerce-solidaire-voit-le-jour\/"},"modified":"2020-04-25T09:06:58","modified_gmt":"2020-04-25T13:06:58","slug":"fdar-ma-une-plateforme-e-commerce-solidaire-voit-le-jour","status":"publish","type":"post","link":"https:\/\/linitiative.ca\/International\/fdar-ma-une-plateforme-e-commerce-solidaire-voit-le-jour\/","title":{"rendered":"\u201cFdar.ma\u201d, une plateforme e-commerce solidaire voit le jour"},"content":{"rendered":"<header>\n<\/header>\n<div class=\"entry-content clearfix\" readability=\"65.706480305\"><img decoding=\"async\" class=\"post_layout_5_img\" src=\"http:\/\/aujourdhui.ma\/wp-content\/uploads\/2020\/04\/Fdar.ma_.jpg?x29840\" alt=\"&#x201C;Fdar.ma&#x201D;, une plateforme e-commerce solidaire voit le jour\"\/><\/p>\n<p><span class=\"c5\"><span class=\"c4\"><strong>L\u2019initiative \u201cE-commerce4all\u201d lance une plateforme e-commerce solidaire.<\/strong><\/span> <span id=\"more-342807\"\/><\/span><\/p>\n<p>Baptis\u00e9 \u201c<strong><span class=\"c7\"><a class=\"c6\" href=\"http:\/\/Fdar.ma\" target=\"_blank\" rel=\"noopener noreferrer\">Fdar.ma<\/a><\/span><\/strong>\u201d, ce nouveau site \u00e0 but non lucratif vient r\u00e9pondre \u00e0 une demande de consommation tr\u00e8s accrue en ce mois sacr\u00e9 de Ramadan qui se d\u00e9roule cette ann\u00e9e dans un contexte particulier marqu\u00e9 par la crise sanitaire due au Covid-19.<\/p>\n<p>La nouvelle plateforme tend, d\u2019une part, \u00e0 aider les commer\u00e7ants \u00e0 poursuivre leurs activit\u00e9s, et de l\u2019autre, \u00e0 encourager les consommateurs \u00e0 subvenir aux besoins de leurs familles tout en restant chez eux. \u201cQue ce soit des produits en livraison ou un service \u00e0 domicile, le commer\u00e7ant pourra d\u00e9sormais mettre son stock de produits en ligne, payable via le site ou \u00e0 la livraison\u201d, peut-on relever de la communaut\u00e9 \u201cE-commerce4all\u201d, compos\u00e9e de jeunes marocains dynamiques et experts en marketing et digital.<\/p>\n<p>Et de pr\u00e9ciser que \u201cNotre ambition est d\u2019aider notre pays \u00e0 mieux se d\u00e9velopper et maintenir une situation favorable aux familles dans le besoin et assurer une continuit\u00e9 des activit\u00e9s \u00e0 valeur ajout\u00e9e\u201d .<\/p>\n<p>Cette plateforme gratuite est simple \u00e0 utiliser et propose un mode de paiement en ligne. La cr\u00e9ation de la boutique en ligne se fait en deux clics. Les conseillers de la plateforme accompagnent donc les commer\u00e7ants int\u00e9ress\u00e9s pour les guider dans le processus de cr\u00e9ation.<\/p>\n<p>Une fois la boutique con\u00e7ue, le e-commer\u00e7ant pourra mettre en ligne sa marque, ses produits, ses photos et ses prix. Le client pourra ainsi choisir ses produits, puis passer commande ou contacter le vendeur.<\/p>\n<\/div>\n<p>Auteur: ALM<br \/>\n<a href=\"http:\/\/aujourdhui.ma\/economie\/fdar-ma-une-plateforme-e-commerce-solidaire-voit-le-jour\">Cliquez ici pour lire l&rsquo;article depuis sa source.<\/a><\/p>\n","protected":false},"excerpt":{"rendered":"<p>L\u2019initiative \u201cE-commerce4all\u201d lance une plateforme e-commerce solidaire. Baptis\u00e9 \u201cFdar.ma\u201d, ce nouveau site \u00e0 but non lucratif vient r\u00e9pondre \u00e0 une demande de consommation tr\u00e8s accrue en ce mois sacr\u00e9 de Ramadan qui se d\u00e9roule cette ann\u00e9e dans un contexte particulier marqu\u00e9 par la crise sanitaire due au Covid-19. La nouvelle plateforme tend, d\u2019une part, \u00e0 [&hellip;]<\/p>\n","protected":false},"author":1759,"featured_media":0,"comment_status":"closed","ping_status":"closed","sticky":false,"template":"","format":"standard","meta":{"fifu_image_url":"","fifu_image_alt":"","footnotes":""},"categories":[73,54],"tags":[],"class_list":["post-83370","post","type-post","status-publish","format-standard","hentry","category-actualite","category-maroc"],"_links":{"self":[{"href":"https:\/\/linitiative.ca\/International\/wp-json\/wp\/v2\/posts\/83370","targetHints":{"allow":["GET"]}}],"collection":[{"href":"https:\/\/linitiative.ca\/International\/wp-json\/wp\/v2\/posts"}],"about":[{"href":"https:\/\/linitiative.ca\/International\/wp-json\/wp\/v2\/types\/post"}],"author":[{"embeddable":true,"href":"https:\/\/linitiative.ca\/International\/wp-json\/wp\/v2\/users\/1759"}],"replies":[{"embeddable":true,"href":"https:\/\/linitiative.ca\/International\/wp-json\/wp\/v2\/comments?post=83370"}],"version-history":[{"count":0,"href":"https:\/\/linitiative.ca\/International\/wp-json\/wp\/v2\/posts\/83370\/revisions"}],"wp:attachment":[{"href":"https:\/\/linitiative.ca\/International\/wp-json\/wp\/v2\/media?parent=83370"}],"wp:term":[{"taxonomy":"category","embeddable":true,"href":"https:\/\/linitiative.ca\/International\/wp-json\/wp\/v2\/categories?post=83370"},{"taxonomy":"post_tag","embeddable":true,"href":"https:\/\/linitiative.ca\/International\/wp-json\/wp\/v2\/tags?post=83370"}],"curies":[{"name":"wp","href":"https:\/\/api.w.org\/{rel}","templated":true}]}}