{"id":83371,"date":"2020-04-25T09:59:06","date_gmt":"2020-04-25T13:59:06","guid":{"rendered":"https:\/\/linitiative.ca\/International\/covid-19-lancement-dune-campagne-pour-une-elimination-saine-des-masques-de-protection\/"},"modified":"2020-04-25T09:59:06","modified_gmt":"2020-04-25T13:59:06","slug":"covid-19-lancement-dune-campagne-pour-une-elimination-saine-des-masques-de-protection","status":"publish","type":"post","link":"https:\/\/linitiative.ca\/International\/covid-19-lancement-dune-campagne-pour-une-elimination-saine-des-masques-de-protection\/","title":{"rendered":"Covid-19 : Lancement d\u2019une campagne pour une \u00e9limination saine des masques de protection"},"content":{"rendered":"<header>\n<\/header>\n<div class=\"entry-content clearfix\" readability=\"45.197740113\"><img decoding=\"async\" class=\"post_layout_5_img\" src=\"http:\/\/aujourdhui.ma\/wp-content\/uploads\/2020\/04\/masque-protection-coronavirus-poubelle.jpg?x29840\" alt=\"Covid-19 : Lancement d&#x2019;une campagne pour une &#xE9;limination saine des masques de protection\"\/><\/p>\n<p><span class=\"c4\">Le minist\u00e8re de l\u2019\u00c9nergie, des Mines et de l\u2019Environnement \u2013 D\u00e9partement de l\u2019Environnement, lance une campagne pour sensibiliser les citoyens sur une \u00e9limination saine des masques usag\u00e9s notamment en s\u2019engageant \u00e0 ne pas les jeter dans les rues et les espaces publics\u00a0mais en proc\u00e9dant \u00e0 leur d\u00e9sinfection avec de l\u2019eau de javel ou de l\u2019eau bouillante, en les d\u00e9coupant avant leur mise dans les sacs de poubelle domestique bien scell\u00e9s et enfin en se lavant bien les mains avec de l\u2019eau et du savon.<\/span><span id=\"more-342808\"\/><\/p>\n<p>Cette campagne de sensibilisation comprend la diffusion d\u2019une capsule de sensibilisation sur les cha\u00eenes de t\u00e9l\u00e9vision, les stations de radio publiques et priv\u00e9es, sur les sites \u00e9lectroniques ainsi que sur les r\u00e9seaux sociaux.<\/p>\n<p>Des affiches de sensibilisation relatives \u00e0 cette probl\u00e9matique seront \u00e9galement \u00e9dit\u00e9es et diffus\u00e9es en partenariat avec des acteurs du secteur priv\u00e9 (la grande distribution et le secteur pharmaceutique) et la soci\u00e9t\u00e9 civile.<\/p>\n<p><a href=\"http:\/\/aujourdhui.ma\/wp-content\/uploads\/2020\/04\/spot-Radio.mp3\">http:\/\/aujourdhui.ma\/wp-content\/uploads\/2020\/04\/spot-Radio.mp3<\/a><\/p>\n<\/div>\n<p>Auteur: ALM<br \/>\n<a href=\"http:\/\/aujourdhui.ma\/societe\/covid-19-lancement-dune-campagne-pour-une-elimination-saine-des-masques-de-protection\">Cliquez ici pour lire l&rsquo;article depuis sa source.<\/a><\/p>\n","protected":false},"excerpt":{"rendered":"<p>Le minist\u00e8re de l\u2019\u00c9nergie, des Mines et de l\u2019Environnement \u2013 D\u00e9partement de l\u2019Environnement, lance une campagne pour sensibiliser les citoyens sur une \u00e9limination saine des masques usag\u00e9s notamment en s\u2019engageant \u00e0 ne pas les jeter dans les rues et les espaces publics\u00a0mais en proc\u00e9dant \u00e0 leur d\u00e9sinfection avec de l\u2019eau de javel ou de l\u2019eau [&hellip;]<\/p>\n","protected":false},"author":1759,"featured_media":0,"comment_status":"closed","ping_status":"closed","sticky":false,"template":"","format":"standard","meta":{"fifu_image_url":"","fifu_image_alt":"","footnotes":""},"categories":[73,54],"tags":[],"class_list":["post-83371","post","type-post","status-publish","format-standard","hentry","category-actualite","category-maroc"],"_links":{"self":[{"href":"https:\/\/linitiative.ca\/International\/wp-json\/wp\/v2\/posts\/83371","targetHints":{"allow":["GET"]}}],"collection":[{"href":"https:\/\/linitiative.ca\/International\/wp-json\/wp\/v2\/posts"}],"about":[{"href":"https:\/\/linitiative.ca\/International\/wp-json\/wp\/v2\/types\/post"}],"author":[{"embeddable":true,"href":"https:\/\/linitiative.ca\/International\/wp-json\/wp\/v2\/users\/1759"}],"replies":[{"embeddable":true,"href":"https:\/\/linitiative.ca\/International\/wp-json\/wp\/v2\/comments?post=83371"}],"version-history":[{"count":0,"href":"https:\/\/linitiative.ca\/International\/wp-json\/wp\/v2\/posts\/83371\/revisions"}],"wp:attachment":[{"href":"https:\/\/linitiative.ca\/International\/wp-json\/wp\/v2\/media?parent=83371"}],"wp:term":[{"taxonomy":"category","embeddable":true,"href":"https:\/\/linitiative.ca\/International\/wp-json\/wp\/v2\/categories?post=83371"},{"taxonomy":"post_tag","embeddable":true,"href":"https:\/\/linitiative.ca\/International\/wp-json\/wp\/v2\/tags?post=83371"}],"curies":[{"name":"wp","href":"https:\/\/api.w.org\/{rel}","templated":true}]}}