{"id":83372,"date":"2020-04-24T14:21:02","date_gmt":"2020-04-24T18:21:02","guid":{"rendered":"https:\/\/linitiative.ca\/International\/%ef%bb%bfinterpellation-de-96-individus\/"},"modified":"2020-04-24T14:21:02","modified_gmt":"2020-04-24T18:21:02","slug":"%ef%bb%bfinterpellation-de-96-individus","status":"publish","type":"post","link":"https:\/\/linitiative.ca\/International\/%ef%bb%bfinterpellation-de-96-individus\/","title":{"rendered":"\ufeffInterpellation de 96 individus"},"content":{"rendered":"<p class=\"has-text-color has-vivid-red-color c2\"><strong>Masques de protection non conformes aux normes sanitaire<\/strong><\/p>\n<p class=\"has-text-color c3\"><strong>Les services de la police judiciaire dans les diff\u00e9rentes villes du Royaume ont interpell\u00e9, depuis le d\u00e9but de l\u2019application des mesures pr\u00e9ventives visant \u00e0 limiter la propagation de la pand\u00e9mie du coronavirus (Covid-19), un total de 96 individus pr\u00e9sum\u00e9s impliqu\u00e9s dans la possession, la confection et la vente de masques de protection non conformes aux normes sanitaires et de faux masques m\u00e9dicaux, ainsi que dans la tentative d\u2019exportation ill\u00e9gale de ces masques.<\/strong><\/p>\n<p>Le nombre d\u2019affaires trait\u00e9es en ce sens par les services de s\u00e9curit\u00e9 nationale a atteint 53, r\u00e9parties sur 15 villes, indique la Direction g\u00e9n\u00e9rale de la s\u00fbret\u00e9 nationale (DGSN) dans un communiqu\u00e9, faisant savoir qu\u2019il a \u00e9t\u00e9 proc\u00e9d\u00e9 \u00e0 la saisie de 213.511 masques de protection, dont des masques fabriqu\u00e9s de mani\u00e8re al\u00e9atoire et non conforme aux normes de s\u00e9curit\u00e9, d\u2019autres portant de fausses marques commerciales, ne r\u00e9pondant pas aux conditions de salubrit\u00e9 et de s\u00e9curit\u00e9 et qui menacent la s\u00e9curit\u00e9 sanitaire des citoyens, ou encore des masques destin\u00e9s \u00e0 l\u2019exportation de mani\u00e8re illicite saisis chez un ressortissant anglais d\u2019origine indienne.<\/p>\n<p>Les individus interpell\u00e9s dans le cadre de ces affaires ont \u00e9t\u00e9 plac\u00e9s en garde \u00e0 vue \u00e0 la disposition du parquet territorialement comp\u00e9tent, et ce afin de d\u00e9terminer l\u2019ensemble des actes criminels qui leur sont reproch\u00e9s, poursuit la DGSN, pr\u00e9cisant qu\u2019il a \u00e9t\u00e9 proc\u00e9d\u00e9 \u00e0 la saisie de tous les produits, mat\u00e9riaux et masques fabriqu\u00e9s en dehors du cadre l\u00e9gal et sanitaire et qui constituent une menace s\u00e9rieuse et r\u00e9elle pour la s\u00fbret\u00e9 et la s\u00e9curit\u00e9 des citoyens.<\/p>\n<p>Les services de s\u00fbret\u00e9 nationale continuent d\u2019intensifier leurs op\u00e9rations de s\u00e9curit\u00e9 visant \u00e0 interpeller tous les complices et participants impliqu\u00e9s dans ces actes criminels qui affectent la s\u00e9curit\u00e9 sanitaire des citoyens, conclut le communiqu\u00e9.<\/p>\n<p>Auteur: M&rsquo;hammed rahal<br \/>\n<a href=\"http:\/\/albayane.press.ma\/%EF%BB%BFinterpellation-de-96-individus.html\">Cliquez ici pour lire l&rsquo;article depuis sa source.<\/a><\/p>\n","protected":false},"excerpt":{"rendered":"<p>Masques de protection non conformes aux normes sanitaire Les services de la police judiciaire dans les diff\u00e9rentes villes du Royaume ont interpell\u00e9, depuis le d\u00e9but de l\u2019application des mesures pr\u00e9ventives visant \u00e0 limiter la propagation de la pand\u00e9mie du coronavirus (Covid-19), un total de 96 individus pr\u00e9sum\u00e9s impliqu\u00e9s dans la possession, la confection et la [&hellip;]<\/p>\n","protected":false},"author":1760,"featured_media":0,"comment_status":"closed","ping_status":"closed","sticky":false,"template":"","format":"standard","meta":{"fifu_image_url":"","fifu_image_alt":"","footnotes":""},"categories":[73,54],"tags":[],"class_list":["post-83372","post","type-post","status-publish","format-standard","hentry","category-actualite","category-maroc"],"_links":{"self":[{"href":"https:\/\/linitiative.ca\/International\/wp-json\/wp\/v2\/posts\/83372","targetHints":{"allow":["GET"]}}],"collection":[{"href":"https:\/\/linitiative.ca\/International\/wp-json\/wp\/v2\/posts"}],"about":[{"href":"https:\/\/linitiative.ca\/International\/wp-json\/wp\/v2\/types\/post"}],"author":[{"embeddable":true,"href":"https:\/\/linitiative.ca\/International\/wp-json\/wp\/v2\/users\/1760"}],"replies":[{"embeddable":true,"href":"https:\/\/linitiative.ca\/International\/wp-json\/wp\/v2\/comments?post=83372"}],"version-history":[{"count":0,"href":"https:\/\/linitiative.ca\/International\/wp-json\/wp\/v2\/posts\/83372\/revisions"}],"wp:attachment":[{"href":"https:\/\/linitiative.ca\/International\/wp-json\/wp\/v2\/media?parent=83372"}],"wp:term":[{"taxonomy":"category","embeddable":true,"href":"https:\/\/linitiative.ca\/International\/wp-json\/wp\/v2\/categories?post=83372"},{"taxonomy":"post_tag","embeddable":true,"href":"https:\/\/linitiative.ca\/International\/wp-json\/wp\/v2\/tags?post=83372"}],"curies":[{"name":"wp","href":"https:\/\/api.w.org\/{rel}","templated":true}]}}