{"id":83373,"date":"2020-04-24T14:32:06","date_gmt":"2020-04-24T18:32:06","guid":{"rendered":"https:\/\/linitiative.ca\/International\/%ef%bb%bfle-ministere-de-la-sante-dement-interdiction\/"},"modified":"2020-04-24T14:32:06","modified_gmt":"2020-04-24T18:32:06","slug":"%ef%bb%bfle-ministere-de-la-sante-dement-interdiction","status":"publish","type":"post","link":"https:\/\/linitiative.ca\/International\/%ef%bb%bfle-ministere-de-la-sante-dement-interdiction\/","title":{"rendered":"\ufeffLe minist\u00e8re de la Sant\u00e9 d\u00e9ment interdiction"},"content":{"rendered":"<p class=\"has-text-color has-vivid-red-color c2\"><strong>Exportation de m\u00e9dicaments aux pays africains<\/strong><\/p>\n<p class=\"has-text-color c3\"><strong>Le minist\u00e8re de la Sant\u00e9 a d\u00e9menti le contenu d\u2019un article de presse faisant \u00e9tat de l\u2019interdiction d\u2019exporter les m\u00e9dicaments aux pays africains.<\/strong><\/p>\n<p>Dans un communiqu\u00e9 de presse, le minist\u00e8re affirme que l\u2019article en question, publi\u00e9 jeudi dans un journal national, contient des contre-v\u00e9rit\u00e9s qui nuisent \u00e0 l\u2019image du Maroc et de son syst\u00e8me de sant\u00e9, en particulier en ces circonstances difficiles marqu\u00e9es par la propagation du Coronavirus.<\/p>\n<p>Le minist\u00e8re proc\u00e8de, tout au long de cette crise sanitaire et \u00e0 l\u2019instar de tous les pays du monde, au contr\u00f4le des exportations de m\u00e9dicaments et de mat\u00e9riel de sant\u00e9, pour \u00e9viter d\u2019exporter tout m\u00e9dicament de base, dont le stock de r\u00e9serve n\u2019est pas conforme aux lois en vigueur, souligne le communiqu\u00e9.<\/p>\n<p>Le contr\u00f4le du stock de r\u00e9serve de m\u00e9dicaments est r\u00e9alis\u00e9 de fa\u00e7on hebdomadaire par l\u2019Observatoire national des m\u00e9dicaments et des produits de sant\u00e9, relevant de la direction des m\u00e9dicaments et de la pharmacie, a pr\u00e9cis\u00e9 la m\u00eame source, notant qu\u2019une intervention proactive est effectu\u00e9e en cas de probl\u00e8me.<\/p>\n<p>\u00ab\u00a0Ce fut le cas du m\u00e9dicament \u00e0 base de chloroquine, utilis\u00e9 pour soigner les patients atteints de Covid-19\u00a0\u00bb, note le communiqu\u00e9, ajoutant que le minist\u00e8re, en coordination avec l\u2019institution pharmaceutique productrice, a mis tout le stock de ce m\u00e9dicament \u00e0 la disposition de ses services.<\/p>\n<p>Par ailleurs, la direction des m\u00e9dicaments et de la pharmacie a num\u00e9ris\u00e9 les proc\u00e9dures et d\u00e9marches administratives de demandes de licences d\u2019exportation de m\u00e9dicaments, via le portail \u00e9lectronique de la direction, sans obligation de d\u00e9placement de l\u2019usager \u00e0 Rabat, dans le but de simplifier ce processus strat\u00e9gique, mis \u00e0 jour en plein accord avec le conseil de l\u2019ordre des pharmaciens fabricants et r\u00e9partiteurs.<\/p>\n<p>Le minist\u00e8re a pris contact avec l\u2019association marocaine de l\u2019industrie pharmaceutique, avant la date de publication de l\u2019article en question, a pr\u00e9cis\u00e9 le communiqu\u00e9, notant que la coop\u00e9ration est maintenue entre tous les acteurs du secteur de la sant\u00e9 au Maroc pour \u00e9tudier les propositions, mettre en place les mesures n\u00e9cessaires et se pr\u00e9parer \u00e0 une nouvelle \u00e9tape, dans le cadre de la protection de la sant\u00e9 des citoyens.<\/p>\n<p>Auteur: M&rsquo;hammed rahal<br \/>\n<a href=\"http:\/\/albayane.press.ma\/%EF%BB%BFle-ministere-de-la-sante-dement-interdiction.html\">Cliquez ici pour lire l&rsquo;article depuis sa source.<\/a><\/p>\n","protected":false},"excerpt":{"rendered":"<p>Exportation de m\u00e9dicaments aux pays africains Le minist\u00e8re de la Sant\u00e9 a d\u00e9menti le contenu d\u2019un article de presse faisant \u00e9tat de l\u2019interdiction d\u2019exporter les m\u00e9dicaments aux pays africains. Dans un communiqu\u00e9 de presse, le minist\u00e8re affirme que l\u2019article en question, publi\u00e9 jeudi dans un journal national, contient des contre-v\u00e9rit\u00e9s qui nuisent \u00e0 l\u2019image du [&hellip;]<\/p>\n","protected":false},"author":1760,"featured_media":0,"comment_status":"closed","ping_status":"closed","sticky":false,"template":"","format":"standard","meta":{"fifu_image_url":"","fifu_image_alt":"","footnotes":""},"categories":[73,54],"tags":[],"class_list":["post-83373","post","type-post","status-publish","format-standard","hentry","category-actualite","category-maroc"],"_links":{"self":[{"href":"https:\/\/linitiative.ca\/International\/wp-json\/wp\/v2\/posts\/83373","targetHints":{"allow":["GET"]}}],"collection":[{"href":"https:\/\/linitiative.ca\/International\/wp-json\/wp\/v2\/posts"}],"about":[{"href":"https:\/\/linitiative.ca\/International\/wp-json\/wp\/v2\/types\/post"}],"author":[{"embeddable":true,"href":"https:\/\/linitiative.ca\/International\/wp-json\/wp\/v2\/users\/1760"}],"replies":[{"embeddable":true,"href":"https:\/\/linitiative.ca\/International\/wp-json\/wp\/v2\/comments?post=83373"}],"version-history":[{"count":0,"href":"https:\/\/linitiative.ca\/International\/wp-json\/wp\/v2\/posts\/83373\/revisions"}],"wp:attachment":[{"href":"https:\/\/linitiative.ca\/International\/wp-json\/wp\/v2\/media?parent=83373"}],"wp:term":[{"taxonomy":"category","embeddable":true,"href":"https:\/\/linitiative.ca\/International\/wp-json\/wp\/v2\/categories?post=83373"},{"taxonomy":"post_tag","embeddable":true,"href":"https:\/\/linitiative.ca\/International\/wp-json\/wp\/v2\/tags?post=83373"}],"curies":[{"name":"wp","href":"https:\/\/api.w.org\/{rel}","templated":true}]}}