{"id":83374,"date":"2020-04-24T14:46:20","date_gmt":"2020-04-24T18:46:20","guid":{"rendered":"https:\/\/linitiative.ca\/International\/%ef%bb%bflevenementiel-navigue-en-eaux-troubles\/"},"modified":"2020-04-24T14:46:20","modified_gmt":"2020-04-24T18:46:20","slug":"%ef%bb%bflevenementiel-navigue-en-eaux-troubles","status":"publish","type":"post","link":"https:\/\/linitiative.ca\/International\/%ef%bb%bflevenementiel-navigue-en-eaux-troubles\/","title":{"rendered":"\ufeffL\u2019\u00c9v\u00e9nementiel navigue en eaux troubles"},"content":{"rendered":"<p class=\"has-text-color has-vivid-red-color c2\"><strong>Une pand\u00e9mie en pleine haute saison<\/strong><\/p>\n<p class=\"c3\"><strong>Par Youness Akrim (MAP)<\/strong><\/p>\n<p class=\"has-text-color c4\"><strong>Le secteur de l\u2019\u00e9v\u00e9nementiel, mis \u00e0 genoux par la crise sanitaire actuelle, subit de plein fouet les r\u00e9percussions n\u00e9fastes d\u2019un arr\u00eat brutal de son activit\u00e9, qui atteint, en temps normal, son pic juste avant le mois b\u00e9ni du Ramadan.<\/strong><\/p>\n<p>Les op\u00e9rateurs du secteur qui nagent dans l\u2019incertitude p\u00e2tissent d\u00e9j\u00e0 de difficult\u00e9s de tr\u00e9sorerie et anticipent une baisse cons\u00e9quente de leur chiffre d\u2019affaires face aux annulations en cascade des \u00e9v\u00e9nements et manifestations majeurs, en application des mesures de confinement sanitaire.<\/p>\n<p>\u00abLe secteur est \u00e0 l\u2019arr\u00eat quasi-total. A part quelques op\u00e9rateurs qui ont \u00e9t\u00e9 sollicit\u00e9s durant cette crise pour participer \u00e0 la mise en place de divers am\u00e9nagements parfois gracieusement, la grande majorit\u00e9 des professionnels de l\u2019\u00e9v\u00e9nementiel est au ch\u00f4mage\u00bb, d\u00e9plore, le pr\u00e9sident du Groupement Professionnel des Prestataires de l\u2019Ev\u00e9nementiel du Maroc GPPEM, Aziz Bouslamti, dans une interview accord\u00e9e \u00e0 la MAP.<\/p>\n<p>La pand\u00e9mie actuelle, est encore plus s\u00e9v\u00e8re, car elle surgit en pleine haute saison pour les professionnels, qui atteignent leur pic d\u2019activit\u00e9 avant d\u00e9but du mois du je\u00fbne. \u00abLe gros de l\u2019\u00e9v\u00e9nementiel institutionnel, qui repr\u00e9sente la grande partie des manifestations, se d\u00e9roule avant le mois du ramadan, apr\u00e8s ramadan et avant le 15 juillet et entre mi-septembre et mi-d\u00e9cembre. Si les pr\u00e9visions faites au niveau mondial au sujet du Covid-19 s\u2019av\u00e8rent justes, l\u2019ann\u00e9e sera quasi ch\u00f4m\u00e9e pour notre secteur\u00bb, Alerte M. Bouslamti.<\/p>\n<p>A en croire M. Bouslamti, \u00abl\u2019organisation d\u2019un \u00e9v\u00e9nement sollicite l\u2019h\u00f4tellerie, les centres de conf\u00e9rence de tout genre, le transport a\u00e9rien et terrestre, les loueurs de mat\u00e9riel roulant, les traiteurs, les soci\u00e9t\u00e9s de son, image et lumi\u00e8res\u2026 tous se r\u00e9unissent autour des agences \u00e9v\u00e9nementielles qui s\u2019occupent de la coordination de l\u2019ensemble de ces m\u00e9tiers pour la r\u00e9ussite d\u2019un \u00e9v\u00e9nement\u00bb.<\/p>\n<p>Le Groupement qui prend la pleine mesure de la menace planant sur le secteur, n\u2019a pas tard\u00e9 \u00e0 r\u00e9agir pour soutenir ses membres. \u00abNous avons communiqu\u00e9 \u00e0 la F\u00e9d\u00e9ration du Commerce et des Services les dol\u00e9ances des membres du GPPEM, qui ont \u00e9t\u00e9 prises en consid\u00e9ration par le comit\u00e9 mis en place par la CGEM. Nous informons aussi nos adh\u00e9rents de toutes les mesures propos\u00e9es par le Comit\u00e9 de veille \u00e9conomique (CVE) pour soutenir l\u2019entreprise marocaine\u00bb.<\/p>\n<p>Afin de pr\u00e9parer le secteur de l\u2019Ev\u00e9nementiel pour la p\u00e9riode d\u2019apr\u00e8s Covid-19, le groupement m\u00e8ne actuellement des r\u00e9flexions sur les moyens \u00e0 m\u00eame d\u2019att\u00e9nuer les effets de la crise sur le secteur dit \u00abnon prioritaire\u00bb. Une refonte de l\u2019approche commerciale et des modes op\u00e9ratoires des professionnels s\u2019av\u00e8re primordiale pour pr\u00e9server la comp\u00e9titivit\u00e9 du secteur dans une conjoncture \u00e9conomique o\u00f9 les mesures d\u2019aust\u00e9rit\u00e9 regagnent les politiques budg\u00e9taires. \u00abIl faut penser \u00e0 revoir les structures, les investissements et les priorit\u00e9s en termes de management\u00bb, insiste le pr\u00e9sident du GPPEM.<\/p>\n<p>Auteur: M&rsquo;hammed rahal<br \/>\n<a href=\"http:\/\/albayane.press.ma\/%EF%BB%BFlevenementiel-navigue-en-eaux-troubles.html\">Cliquez ici pour lire l&rsquo;article depuis sa source.<\/a><\/p>\n","protected":false},"excerpt":{"rendered":"<p>Une pand\u00e9mie en pleine haute saison Par Youness Akrim (MAP) Le secteur de l\u2019\u00e9v\u00e9nementiel, mis \u00e0 genoux par la crise sanitaire actuelle, subit de plein fouet les r\u00e9percussions n\u00e9fastes d\u2019un arr\u00eat brutal de son activit\u00e9, qui atteint, en temps normal, son pic juste avant le mois b\u00e9ni du Ramadan. Les op\u00e9rateurs du secteur qui nagent [&hellip;]<\/p>\n","protected":false},"author":1760,"featured_media":0,"comment_status":"closed","ping_status":"closed","sticky":false,"template":"","format":"standard","meta":{"fifu_image_url":"","fifu_image_alt":"","footnotes":""},"categories":[73,54],"tags":[],"class_list":["post-83374","post","type-post","status-publish","format-standard","hentry","category-actualite","category-maroc"],"_links":{"self":[{"href":"https:\/\/linitiative.ca\/International\/wp-json\/wp\/v2\/posts\/83374","targetHints":{"allow":["GET"]}}],"collection":[{"href":"https:\/\/linitiative.ca\/International\/wp-json\/wp\/v2\/posts"}],"about":[{"href":"https:\/\/linitiative.ca\/International\/wp-json\/wp\/v2\/types\/post"}],"author":[{"embeddable":true,"href":"https:\/\/linitiative.ca\/International\/wp-json\/wp\/v2\/users\/1760"}],"replies":[{"embeddable":true,"href":"https:\/\/linitiative.ca\/International\/wp-json\/wp\/v2\/comments?post=83374"}],"version-history":[{"count":0,"href":"https:\/\/linitiative.ca\/International\/wp-json\/wp\/v2\/posts\/83374\/revisions"}],"wp:attachment":[{"href":"https:\/\/linitiative.ca\/International\/wp-json\/wp\/v2\/media?parent=83374"}],"wp:term":[{"taxonomy":"category","embeddable":true,"href":"https:\/\/linitiative.ca\/International\/wp-json\/wp\/v2\/categories?post=83374"},{"taxonomy":"post_tag","embeddable":true,"href":"https:\/\/linitiative.ca\/International\/wp-json\/wp\/v2\/tags?post=83374"}],"curies":[{"name":"wp","href":"https:\/\/api.w.org\/{rel}","templated":true}]}}