{"id":83375,"date":"2020-04-24T15:00:30","date_gmt":"2020-04-24T19:00:30","guid":{"rendered":"https:\/\/linitiative.ca\/International\/nos-voeux\/"},"modified":"2020-04-24T15:00:30","modified_gmt":"2020-04-24T19:00:30","slug":"nos-voeux","status":"publish","type":"post","link":"https:\/\/linitiative.ca\/International\/nos-voeux\/","title":{"rendered":"Nos v\u0153ux"},"content":{"rendered":"<p class=\"has-text-color c2\"><strong>A l\u2019occasion de l\u2019av\u00e8nement du mois sacr\u00e9 de Ramadan, le Pr\u00e9sident du Directoire de Bayane S.A et directeur de la publication d\u2019Al Bayane, la R\u00e9daction d\u2019Al Bayane et l\u2019ensemble du personnel de l\u2019entreprise pr\u00e9sentent leurs v\u0153ux les plus d\u00e9f\u00e9rents \u00e0 SM le Roi Mohammed VI.<\/strong><\/p>\n<p class=\"has-text-color c3\"><strong>Dans ce contexte marqu\u00e9 par la lutte men\u00e9e par notre pays, sous la conduite \u00e9clair\u00e9e du Souverain, qui suit personnellement la mise en \u0153uvre de la strat\u00e9gie proactive et pr\u00e9ventive, d\u00e9cr\u00e9t\u00e9e par la Royaume, la direction de Bayane S.A, les journalistes et le personnel administratif, commercial et technique r\u00e9affirme au Souverain leur engagement total dans cette lutte contre la pand\u00e9mie et appelle l\u2019ensemble des composantes du peuple marocain \u00e0 adh\u00e9rer \u00e0 cette dynamique patriotique et citoyenne, solidaire et historique pour que notre pays puisse sortir vainqueur de cette \u00e9preuve \u00a0derri\u00e8re la conduite sage et clairvoyante de S.M le Roi Mohammed VI.<\/strong><\/p>\n<p class=\"has-text-color c4\"><strong>Nos v\u0153ux s\u2019adressent \u00e9galement \u00e0 SAR le prince h\u00e9ritier Moulay El Hassane, SAR la princesse Lalla Khadija, SAR le prince aRachid et toute la famille royale ainsi qu\u2019\u00e0 notre peuple.<\/strong><\/p>\n<p>Auteur: M&rsquo;hammed rahal<br \/>\n<a href=\"http:\/\/albayane.press.ma\/nos-voeux-9.html\">Cliquez ici pour lire l&rsquo;article depuis sa source.<\/a><\/p>\n","protected":false},"excerpt":{"rendered":"<p>A l\u2019occasion de l\u2019av\u00e8nement du mois sacr\u00e9 de Ramadan, le Pr\u00e9sident du Directoire de Bayane S.A et directeur de la publication d\u2019Al Bayane, la R\u00e9daction d\u2019Al Bayane et l\u2019ensemble du personnel de l\u2019entreprise pr\u00e9sentent leurs v\u0153ux les plus d\u00e9f\u00e9rents \u00e0 SM le Roi Mohammed VI. Dans ce contexte marqu\u00e9 par la lutte men\u00e9e par notre [&hellip;]<\/p>\n","protected":false},"author":1760,"featured_media":0,"comment_status":"closed","ping_status":"closed","sticky":false,"template":"","format":"standard","meta":{"fifu_image_url":"","fifu_image_alt":"","footnotes":""},"categories":[73,54],"tags":[],"class_list":["post-83375","post","type-post","status-publish","format-standard","hentry","category-actualite","category-maroc"],"_links":{"self":[{"href":"https:\/\/linitiative.ca\/International\/wp-json\/wp\/v2\/posts\/83375","targetHints":{"allow":["GET"]}}],"collection":[{"href":"https:\/\/linitiative.ca\/International\/wp-json\/wp\/v2\/posts"}],"about":[{"href":"https:\/\/linitiative.ca\/International\/wp-json\/wp\/v2\/types\/post"}],"author":[{"embeddable":true,"href":"https:\/\/linitiative.ca\/International\/wp-json\/wp\/v2\/users\/1760"}],"replies":[{"embeddable":true,"href":"https:\/\/linitiative.ca\/International\/wp-json\/wp\/v2\/comments?post=83375"}],"version-history":[{"count":0,"href":"https:\/\/linitiative.ca\/International\/wp-json\/wp\/v2\/posts\/83375\/revisions"}],"wp:attachment":[{"href":"https:\/\/linitiative.ca\/International\/wp-json\/wp\/v2\/media?parent=83375"}],"wp:term":[{"taxonomy":"category","embeddable":true,"href":"https:\/\/linitiative.ca\/International\/wp-json\/wp\/v2\/categories?post=83375"},{"taxonomy":"post_tag","embeddable":true,"href":"https:\/\/linitiative.ca\/International\/wp-json\/wp\/v2\/tags?post=83375"}],"curies":[{"name":"wp","href":"https:\/\/api.w.org\/{rel}","templated":true}]}}