{"id":83377,"date":"2020-04-25T07:17:57","date_gmt":"2020-04-25T11:17:57","guid":{"rendered":"https:\/\/linitiative.ca\/International\/bassin-minier-elaborer-une-vision-strategique-pour-solutionner-les-problemes\/"},"modified":"2020-04-25T07:17:57","modified_gmt":"2020-04-25T11:17:57","slug":"bassin-minier-elaborer-une-vision-strategique-pour-solutionner-les-problemes","status":"publish","type":"post","link":"https:\/\/linitiative.ca\/International\/bassin-minier-elaborer-une-vision-strategique-pour-solutionner-les-problemes\/","title":{"rendered":"Bassin minier : Elaborer une vision strat\u00e9gique pour solutionner les probl\u00e8mes"},"content":{"rendered":"<p>Une \u00e9quipe de travail sera form\u00e9e pour l\u2019\u00e9laboration d\u2019une vision strat\u00e9gique permettant de trouver des solutions \u00e0 l\u2019ensemble des probl\u00e8mes du bassin minier, tout en prenant en consid\u00e9ration, les aspects de d\u00e9veloppement, \u00e9conomiques, sociaux et environnementaux de la r\u00e9gion. C\u2019est ce qui a \u00e9t\u00e9 d\u00e9cid\u00e9 lors d\u2019un conseil minist\u00e9riel restreint, tenu vendredi \u00e0 la Kasbah, sous la pr\u00e9sidence du chef du gouvernement, Ely\u00e8s Fakhfakh. Il a \u00e9t\u00e9 d\u00e9cid\u00e9, \u00e9galement, de former une \u00e9quipe de n\u00e9gociation, laquelle comprendra des repr\u00e9sentants de la pr\u00e9sidence du gouvernement ainsi que des diff\u00e9rents minist\u00e8res concern\u00e9s, pour d\u00e9finir des solutions urgentes, \u00e0 m\u00eame de permettre la reprise du rythme de la production et de r\u00e9soudre le probl\u00e8me du transport de 2,5 millions de tonnes de phosphates, destin\u00e9s \u00e0 l\u2019exportation et \u00e0 la transformation. L\u2019objectif est d\u2019assurer la p\u00e9rennit\u00e9 la compagnie des phosphates de Gafsa, dont les pertes ont d\u00e9pass\u00e9 les 1000 milliards, en comparaison avec l\u2019ann\u00e9e 2010. Le conseil minist\u00e9riel restreint a appel\u00e9, aussi, \u00e0 l\u2019imp\u00e9ratif de r\u00e9parer, en urgence, la ligne ferroviaire n\u00b0 15 et finaliser la derni\u00e8re phase de la construction de l\u2019usine d\u2019El Medhilla, pour qu\u2019elle entre en exploitation, le plus t\u00f4t possible. Il est \u00e0 noter que le secteur des phosphates dans le bassin minier fonctionne, actuellement, \u00e0 30% de sa capacit\u00e9 totale, ce qui a caus\u00e9 de grandes pertes \u00e0 l\u2019\u00e9conomie du pays, surtout durant cette p\u00e9riode de la crise sanitaire.<\/p>\n<div class=\"wp-post-author-wrap wp-post-author-shortcode left\">\n<h3 class=\"awpa-title\"\/>\n<div class=\"wp-post-author\">\n<div class=\"awpa-img awpa-author-block square\"><a href=\"http:\/\/lexpertjournal.net\/fr\/?author=5\"><img loading=\"lazy\" decoding=\"async\" alt=\"\" src=\"http:\/\/0.gravatar.com\/avatar\/97f8e10a1c1125ba104a76514ee07b16?s=150&amp;d=mm&amp;r=g\" srcset=\"http:\/\/0.gravatar.com\/avatar\/97f8e10a1c1125ba104a76514ee07b16?s=300&amp;d=mm&amp;r=g 2x\" class=\"avatar avatar-150 photo\" height=\"150\" width=\"150\"\/><\/a><\/div>\n<\/div>\n<\/div>\n<aside class=\"mashsb-container mashsb-main mashsb-stretched\">\n<\/aside>\n<p>Auteur: L&rsquo;expert<br \/>\n<a href=\"http:\/\/lexpertjournal.net\/fr\/?p=14285\">Cliquez ici pour lire l&rsquo;article depuis sa source.<\/a><\/p>\n","protected":false},"excerpt":{"rendered":"<p>Une \u00e9quipe de travail sera form\u00e9e pour l\u2019\u00e9laboration d\u2019une vision strat\u00e9gique permettant de trouver des solutions \u00e0 l\u2019ensemble des probl\u00e8mes du bassin minier, tout en prenant en consid\u00e9ration, les aspects de d\u00e9veloppement, \u00e9conomiques, sociaux et environnementaux de la r\u00e9gion. C\u2019est ce qui a \u00e9t\u00e9 d\u00e9cid\u00e9 lors d\u2019un conseil minist\u00e9riel restreint, tenu vendredi \u00e0 la Kasbah, [&hellip;]<\/p>\n","protected":false},"author":1775,"featured_media":0,"comment_status":"closed","ping_status":"closed","sticky":false,"template":"","format":"standard","meta":{"fifu_image_url":"","fifu_image_alt":"","footnotes":""},"categories":[78,55],"tags":[],"class_list":["post-83377","post","type-post","status-publish","format-standard","hentry","category-economie","category-tunisie"],"_links":{"self":[{"href":"https:\/\/linitiative.ca\/International\/wp-json\/wp\/v2\/posts\/83377","targetHints":{"allow":["GET"]}}],"collection":[{"href":"https:\/\/linitiative.ca\/International\/wp-json\/wp\/v2\/posts"}],"about":[{"href":"https:\/\/linitiative.ca\/International\/wp-json\/wp\/v2\/types\/post"}],"author":[{"embeddable":true,"href":"https:\/\/linitiative.ca\/International\/wp-json\/wp\/v2\/users\/1775"}],"replies":[{"embeddable":true,"href":"https:\/\/linitiative.ca\/International\/wp-json\/wp\/v2\/comments?post=83377"}],"version-history":[{"count":0,"href":"https:\/\/linitiative.ca\/International\/wp-json\/wp\/v2\/posts\/83377\/revisions"}],"wp:attachment":[{"href":"https:\/\/linitiative.ca\/International\/wp-json\/wp\/v2\/media?parent=83377"}],"wp:term":[{"taxonomy":"category","embeddable":true,"href":"https:\/\/linitiative.ca\/International\/wp-json\/wp\/v2\/categories?post=83377"},{"taxonomy":"post_tag","embeddable":true,"href":"https:\/\/linitiative.ca\/International\/wp-json\/wp\/v2\/tags?post=83377"}],"curies":[{"name":"wp","href":"https:\/\/api.w.org\/{rel}","templated":true}]}}