{"id":83378,"date":"2020-04-25T07:20:45","date_gmt":"2020-04-25T11:20:45","guid":{"rendered":"https:\/\/linitiative.ca\/International\/lutte-contre-le-coronavirus-essai-de-quatre-drones-equipes-de-cameras-thermiques\/"},"modified":"2020-04-25T07:20:45","modified_gmt":"2020-04-25T11:20:45","slug":"lutte-contre-le-coronavirus-essai-de-quatre-drones-equipes-de-cameras-thermiques","status":"publish","type":"post","link":"https:\/\/linitiative.ca\/International\/lutte-contre-le-coronavirus-essai-de-quatre-drones-equipes-de-cameras-thermiques\/","title":{"rendered":"Lutte contre le Coronavirus :Essai de quatre drones \u00e9quip\u00e9s de cam\u00e9ras thermiques"},"content":{"rendered":"<p>Une exp\u00e9rience pilote d\u2019essai de quatre drones \u00e9quip\u00e9s de cam\u00e9ras thermiques et de hauts parleurs, fournis par le groupe Telnet pour lutter contre le Coronavirus, a \u00e9t\u00e9 men\u00e9e, vendredi, au Centre de Formation Professionnelle Agricole dans le Secteur de l\u2019Aviculture de Sidi Thabet relevant du gouvernorat de l\u2019Ariana.<\/p>\n<p>Le ministre de la Sant\u00e9, Abdellatif Mekki qui a supervis\u00e9 cette exp\u00e9rience pilote, a soulign\u00e9 l\u2019importance de ces drones dans la limitation de la propagation du virus, selon une m\u00e9thode scientifique et efficace, \u00e0 l\u2019instar de ce qui existe dans de nombreux pays du monde.<\/p>\n<p>Ces drones seront utilis\u00e9s dans les zones et les espaces de rassemblement des citoyens tels que le march\u00e9 de gros, les stations de transport public, les h\u00f4pitaux et autres, en s\u2019appuyant sur une vingtaine de pilotes qui assurent leur mission \u00e0 distance \u00e0 l\u2019aide de haut-parleurs et d\u2019enregistrement intelligent de vid\u00e9os des sujets suspect\u00e9s d\u2019\u00eatre porteurs du virus, avant d\u2019envoyer les donn\u00e9es \u00e0 la salle d\u2019op\u00e9ration du minist\u00e8re de la Sant\u00e9.<\/p>\n<p>Concernant l\u2019efficacit\u00e9 des tests de d\u00e9pistage rapide adopt\u00e9s par l\u2019Observatoire National des maladies nouvelles et \u00e9mergentes dans la r\u00e9gion du Grand Tunis et au gouvernorat de K\u00e9bili, Mekki a expliqu\u00e9 que les tests effectu\u00e9s ont \u00e9t\u00e9 utilis\u00e9s \u00e0 titre d\u2019exp\u00e9rimentation dans le cadre d\u2019un d\u00e9pistage pr\u00e9liminaire, avant d\u2019adopter r\u00e9ellement ce proc\u00e9d\u00e9 sur des milliers de personnes.<\/p>\n<div class=\"wp-post-author-wrap wp-post-author-shortcode left\">\n<h3 class=\"awpa-title\"\/>\n<div class=\"wp-post-author\">\n<div class=\"awpa-img awpa-author-block square\"><a href=\"http:\/\/lexpertjournal.net\/fr\/?author=5\"><img loading=\"lazy\" decoding=\"async\" alt=\"\" src=\"http:\/\/0.gravatar.com\/avatar\/97f8e10a1c1125ba104a76514ee07b16?s=150&amp;d=mm&amp;r=g\" srcset=\"http:\/\/0.gravatar.com\/avatar\/97f8e10a1c1125ba104a76514ee07b16?s=300&amp;d=mm&amp;r=g 2x\" class=\"avatar avatar-150 photo\" height=\"150\" width=\"150\"\/><\/a><\/div>\n<\/div>\n<\/div>\n<aside class=\"mashsb-container mashsb-main mashsb-stretched\">\n<\/aside>\n<p>Auteur: L&rsquo;expert<br \/>\n<a href=\"http:\/\/lexpertjournal.net\/fr\/?p=14288\">Cliquez ici pour lire l&rsquo;article depuis sa source.<\/a><\/p>\n","protected":false},"excerpt":{"rendered":"<p>Une exp\u00e9rience pilote d\u2019essai de quatre drones \u00e9quip\u00e9s de cam\u00e9ras thermiques et de hauts parleurs, fournis par le groupe Telnet pour lutter contre le Coronavirus, a \u00e9t\u00e9 men\u00e9e, vendredi, au Centre de Formation Professionnelle Agricole dans le Secteur de l\u2019Aviculture de Sidi Thabet relevant du gouvernorat de l\u2019Ariana. Le ministre de la Sant\u00e9, Abdellatif Mekki [&hellip;]<\/p>\n","protected":false},"author":1775,"featured_media":0,"comment_status":"closed","ping_status":"closed","sticky":false,"template":"","format":"standard","meta":{"fifu_image_url":"","fifu_image_alt":"","footnotes":""},"categories":[78,55],"tags":[],"class_list":["post-83378","post","type-post","status-publish","format-standard","hentry","category-economie","category-tunisie"],"_links":{"self":[{"href":"https:\/\/linitiative.ca\/International\/wp-json\/wp\/v2\/posts\/83378","targetHints":{"allow":["GET"]}}],"collection":[{"href":"https:\/\/linitiative.ca\/International\/wp-json\/wp\/v2\/posts"}],"about":[{"href":"https:\/\/linitiative.ca\/International\/wp-json\/wp\/v2\/types\/post"}],"author":[{"embeddable":true,"href":"https:\/\/linitiative.ca\/International\/wp-json\/wp\/v2\/users\/1775"}],"replies":[{"embeddable":true,"href":"https:\/\/linitiative.ca\/International\/wp-json\/wp\/v2\/comments?post=83378"}],"version-history":[{"count":0,"href":"https:\/\/linitiative.ca\/International\/wp-json\/wp\/v2\/posts\/83378\/revisions"}],"wp:attachment":[{"href":"https:\/\/linitiative.ca\/International\/wp-json\/wp\/v2\/media?parent=83378"}],"wp:term":[{"taxonomy":"category","embeddable":true,"href":"https:\/\/linitiative.ca\/International\/wp-json\/wp\/v2\/categories?post=83378"},{"taxonomy":"post_tag","embeddable":true,"href":"https:\/\/linitiative.ca\/International\/wp-json\/wp\/v2\/tags?post=83378"}],"curies":[{"name":"wp","href":"https:\/\/api.w.org\/{rel}","templated":true}]}}