{"id":83381,"date":"2020-04-25T07:32:11","date_gmt":"2020-04-25T11:32:11","guid":{"rendered":"https:\/\/linitiative.ca\/International\/marche-central-de-tunis-les-prix-des-fruits-et-des-poissons-senvolent\/"},"modified":"2020-04-25T07:32:11","modified_gmt":"2020-04-25T11:32:11","slug":"marche-central-de-tunis-les-prix-des-fruits-et-des-poissons-senvolent","status":"publish","type":"post","link":"https:\/\/linitiative.ca\/International\/marche-central-de-tunis-les-prix-des-fruits-et-des-poissons-senvolent\/","title":{"rendered":"March\u00e9 Central de Tunis :  Les prix des fruits et des poissons s\u2019envolent"},"content":{"rendered":"<p>Au march\u00e9 Central de Tunis, les prix des l\u00e9gumes sont rest\u00e9s stables par rapport \u00e0 la p\u00e9riode pr\u00e9c\u00e9dant le d\u00e9but du mois de Ramadan. Cependant, les prix des fruits et des poissons ont poursuivi leur envol, malgr\u00e9 leur disponibilit\u00e9, ont constat\u00e9 certains citoyens qui se sont ru\u00e9s vendredi matin, vers le march\u00e9 de la capitale pour faire leurs provisions.<\/p>\n<p>Ainsi, les prix des tomates ont oscill\u00e9 entre 2200 et 2600 millimes le kilo, tandis que ceux des piments ont vari\u00e9 entre 2300 et 2875 millimes, le kilo. La botte de persil est vendue, quant \u00e0 elle, entre 500 et 700 millimes. Les prix des pommes de terre ont atteint 1400 millimes le kilo. S\u2019agissant des prix des viandes blanches, ils ont oscill\u00e9 entre 5790 et 6990 millimes, le kilo. Pour ce qui est des poissons, leurs prix sont en hausse. Ainsi, les prix des sardines ont vari\u00e9 entre 6000 et 7980 millimes, le kilo et ceux des maquereaux (Ghzel) entre 15 000 et 17800 millimes. La daurade est vendue, quant \u00e0 elle, entre 15000 et 16500 millimes, le kilo. En ce qui concerne les fruits, les prix des fraises a atteint 4800 millimes le kilo, tandis que ceux des bananes ont vari\u00e9 entre 4900 et 5600 millimes le kilo. Les dattes sont vendues \u00e0 10 dinars le kilo.<\/p>\n<p>Des consommateurs ont estim\u00e9 que les prix de certains produits, comme les poissons ou encore les fruits, ne sont pas du tout \u00e0 la port\u00e9e de toutes les bourses et ne sont pas \u00e0 la hauteur de la conjoncture actuelle.<\/p>\n<p>En contrepartie, les commer\u00e7ants ont soulign\u00e9 que tous les l\u00e9gumes et fruits sont disponibles en quantit\u00e9s n\u00e9cessaires et \u00e0 prix relativement \u00ab raisonnables \u00bb compar\u00e9s \u00e0 ceux des \u00e9piceries de quartiers. Cela s\u2019explique, selon eux, par la pr\u00e9sence des agents de contr\u00f4le \u00e9conomique sur les lieux et le respect du principe de la concurrence entre les commer\u00e7ants.<\/p>\n<p>Et d\u2019expliquer que la hausse des prix de certains fruits et poissons est due notamment, \u00e0 l\u2019augmentation de leurs prix sur le march\u00e9 de gros de Bir El Kass\u00e2a. Ils ont constat\u00e9 que le march\u00e9 central enregistre une grande affluence des citoyens, et ce, malgr\u00e9 la conjoncture actuelle. Il est \u00e0 rappeler que le ministre du Commerce avait d\u00e9clar\u00e9, lors d\u2019un point de presse tenue r\u00e9cemment, que le gouvernement a pris les mesures n\u00e9cessaires afin de garantir un approvisionnement r\u00e9gulier du march\u00e9, pr\u00e9server le pouvoir d\u2019achat du citoyen et lutter contre la sp\u00e9culation.<\/p>\n<div class=\"wp-post-author-wrap wp-post-author-shortcode left\">\n<h3 class=\"awpa-title\"\/>\n<div class=\"wp-post-author\">\n<div class=\"awpa-img awpa-author-block square\"><a href=\"http:\/\/lexpertjournal.net\/fr\/?author=5\"><img loading=\"lazy\" decoding=\"async\" alt=\"\" src=\"http:\/\/0.gravatar.com\/avatar\/97f8e10a1c1125ba104a76514ee07b16?s=150&amp;d=mm&amp;r=g\" srcset=\"http:\/\/0.gravatar.com\/avatar\/97f8e10a1c1125ba104a76514ee07b16?s=300&amp;d=mm&amp;r=g 2x\" class=\"avatar avatar-150 photo\" height=\"150\" width=\"150\"\/><\/a><\/div>\n<\/div>\n<\/div>\n<aside class=\"mashsb-container mashsb-main mashsb-stretched\">\n<\/aside>\n<p>Auteur: L&rsquo;expert<br \/>\n<a href=\"http:\/\/lexpertjournal.net\/fr\/?p=14297\">Cliquez ici pour lire l&rsquo;article depuis sa source.<\/a><\/p>\n","protected":false},"excerpt":{"rendered":"<p>Au march\u00e9 Central de Tunis, les prix des l\u00e9gumes sont rest\u00e9s stables par rapport \u00e0 la p\u00e9riode pr\u00e9c\u00e9dant le d\u00e9but du mois de Ramadan. Cependant, les prix des fruits et des poissons ont poursuivi leur envol, malgr\u00e9 leur disponibilit\u00e9, ont constat\u00e9 certains citoyens qui se sont ru\u00e9s vendredi matin, vers le march\u00e9 de la capitale [&hellip;]<\/p>\n","protected":false},"author":1775,"featured_media":0,"comment_status":"closed","ping_status":"closed","sticky":false,"template":"","format":"standard","meta":{"fifu_image_url":"","fifu_image_alt":"","footnotes":""},"categories":[78,55],"tags":[],"class_list":["post-83381","post","type-post","status-publish","format-standard","hentry","category-economie","category-tunisie"],"_links":{"self":[{"href":"https:\/\/linitiative.ca\/International\/wp-json\/wp\/v2\/posts\/83381","targetHints":{"allow":["GET"]}}],"collection":[{"href":"https:\/\/linitiative.ca\/International\/wp-json\/wp\/v2\/posts"}],"about":[{"href":"https:\/\/linitiative.ca\/International\/wp-json\/wp\/v2\/types\/post"}],"author":[{"embeddable":true,"href":"https:\/\/linitiative.ca\/International\/wp-json\/wp\/v2\/users\/1775"}],"replies":[{"embeddable":true,"href":"https:\/\/linitiative.ca\/International\/wp-json\/wp\/v2\/comments?post=83381"}],"version-history":[{"count":0,"href":"https:\/\/linitiative.ca\/International\/wp-json\/wp\/v2\/posts\/83381\/revisions"}],"wp:attachment":[{"href":"https:\/\/linitiative.ca\/International\/wp-json\/wp\/v2\/media?parent=83381"}],"wp:term":[{"taxonomy":"category","embeddable":true,"href":"https:\/\/linitiative.ca\/International\/wp-json\/wp\/v2\/categories?post=83381"},{"taxonomy":"post_tag","embeddable":true,"href":"https:\/\/linitiative.ca\/International\/wp-json\/wp\/v2\/tags?post=83381"}],"curies":[{"name":"wp","href":"https:\/\/api.w.org\/{rel}","templated":true}]}}