{"id":83387,"date":"2020-04-25T13:54:42","date_gmt":"2020-04-25T17:54:42","guid":{"rendered":"https:\/\/linitiative.ca\/International\/139-nouveaux-cas-confirmes-au-maroc-3-897-au-total\/"},"modified":"2020-04-25T13:54:42","modified_gmt":"2020-04-25T17:54:42","slug":"139-nouveaux-cas-confirmes-au-maroc-3-897-au-total","status":"publish","type":"post","link":"https:\/\/linitiative.ca\/International\/139-nouveaux-cas-confirmes-au-maroc-3-897-au-total\/","title":{"rendered":"139 nouveaux cas confirm\u00e9s au Maroc, 3.897 au total"},"content":{"rendered":"<div readability=\"36\">\n<p>Cent trente-neuf (139) nouveaux cas d\u2019infection au coronavirus (Covid-19) ont \u00e9t\u00e9 confirm\u00e9s au Maroc lors des derni\u00e8res 22 heures, portant \u00e0 3.897 le nombre total des cas de contamination, a annonc\u00e9 samedi le minist\u00e8re de la Sant\u00e9.<\/p>\n<\/div>\n<div readability=\"70\">\n<p>Le nombre de personnes d\u00e9clar\u00e9es gu\u00e9ries s\u2019est \u00e9lev\u00e9, jusqu\u2019\u00e0 samedi \u00e0 16H00, \u00e0 537 (51 r\u00e9missions suppl\u00e9mentaires), alors que le nombre de d\u00e9c\u00e8s a \u00e9t\u00e9 port\u00e9 \u00e0 159 apr\u00e8s l\u2019annonce d\u2019un nouveau d\u00e9c\u00e8s, a indiqu\u00e9 le directeur de l\u2019\u00e9pid\u00e9miologie et de lutte contre les maladies au minist\u00e8re de la Sant\u00e9, Mohamed El Youbi, dans une d\u00e9claration retransmise par la MAP sur sa cha\u00eene de t\u00e9l\u00e9vision M24 et et sur RIM RADIO.<\/p>\n<p>S\u2019agissant des d\u00e9c\u00e8s, M. El Youbi a relev\u00e9 une baisse progressive du taux de mortalit\u00e9 pour atteindre 4,1%.<\/p>\n<p>Par ailleurs, le nombre des cas exclus apr\u00e8s des r\u00e9sultats n\u00e9gatifs d\u2019analyses effectu\u00e9es au laboratoire est de 21.546, a-t-il dit, ajoutant que sur les 139 nouveaux cas confirm\u00e9s, 118 ont \u00e9t\u00e9 d\u00e9tect\u00e9s gr\u00e2ce aux op\u00e9rations de suivi m\u00e9dical, soit un taux de 85%.<\/p>\n<p>Il a \u00e9galement relev\u00e9 que depuis le d\u00e9but de la pand\u00e9mie, 17.843 cas contacts ont \u00e9t\u00e9 plac\u00e9s sous contr\u00f4le m\u00e9dicale, dont 7.048 sont toujours surveill\u00e9s pour une p\u00e9riode d\u2019au moins 14 jours.<\/p>\n<p>C\u00f4t\u00e9 r\u00e9partition g\u00e9ographique, M. Youbi a indiqu\u00e9 qu\u2019aucun changement n\u2019a \u00e9t\u00e9 signal\u00e9, puisque la r\u00e9gion Casablanca-Settat compte toujours le plus grand nombre des cas confirm\u00e9s, suivie de Marrakech-Safi. Viennent ensuite F\u00e8s-Mekn\u00e8s et Tanger-T\u00e9touan-Al Hoceima, suivies de la r\u00e9gion de Dr\u00e2a-Tafilalet.<\/p>\n<\/div>\n<p>Auteur: Meriem IGASS<br \/>\n<a href=\"http:\/\/www.mapmarrakech.ma\/fr\/139-nouveaux-cas-confirmes-au-maroc-3-897-au-total\/\">Cliquez ici pour lire l&rsquo;article depuis sa source.<\/a><\/p>\n","protected":false},"excerpt":{"rendered":"<p>Cent trente-neuf (139) nouveaux cas d\u2019infection au coronavirus (Covid-19) ont \u00e9t\u00e9 confirm\u00e9s au Maroc lors des derni\u00e8res 22 heures, portant \u00e0 3.897 le nombre total des cas de contamination, a annonc\u00e9 samedi le minist\u00e8re de la Sant\u00e9. Le nombre de personnes d\u00e9clar\u00e9es gu\u00e9ries s\u2019est \u00e9lev\u00e9, jusqu\u2019\u00e0 samedi \u00e0 16H00, \u00e0 537 (51 r\u00e9missions suppl\u00e9mentaires), alors [&hellip;]<\/p>\n","protected":false},"author":1788,"featured_media":0,"comment_status":"closed","ping_status":"closed","sticky":false,"template":"","format":"standard","meta":{"fifu_image_url":"","fifu_image_alt":"","footnotes":""},"categories":[54,76],"tags":[],"class_list":["post-83387","post","type-post","status-publish","format-standard","hentry","category-maroc","category-regions"],"_links":{"self":[{"href":"https:\/\/linitiative.ca\/International\/wp-json\/wp\/v2\/posts\/83387","targetHints":{"allow":["GET"]}}],"collection":[{"href":"https:\/\/linitiative.ca\/International\/wp-json\/wp\/v2\/posts"}],"about":[{"href":"https:\/\/linitiative.ca\/International\/wp-json\/wp\/v2\/types\/post"}],"author":[{"embeddable":true,"href":"https:\/\/linitiative.ca\/International\/wp-json\/wp\/v2\/users\/1788"}],"replies":[{"embeddable":true,"href":"https:\/\/linitiative.ca\/International\/wp-json\/wp\/v2\/comments?post=83387"}],"version-history":[{"count":0,"href":"https:\/\/linitiative.ca\/International\/wp-json\/wp\/v2\/posts\/83387\/revisions"}],"wp:attachment":[{"href":"https:\/\/linitiative.ca\/International\/wp-json\/wp\/v2\/media?parent=83387"}],"wp:term":[{"taxonomy":"category","embeddable":true,"href":"https:\/\/linitiative.ca\/International\/wp-json\/wp\/v2\/categories?post=83387"},{"taxonomy":"post_tag","embeddable":true,"href":"https:\/\/linitiative.ca\/International\/wp-json\/wp\/v2\/tags?post=83387"}],"curies":[{"name":"wp","href":"https:\/\/api.w.org\/{rel}","templated":true}]}}