{"id":83390,"date":"2020-04-25T12:14:36","date_gmt":"2020-04-25T16:14:36","guid":{"rendered":"https:\/\/linitiative.ca\/International\/ramadan-a-tizi-ouzou-le-rituel-du-jeune-des-enfants-une-tradition-remise-au-gout-du-jour\/"},"modified":"2020-04-25T12:14:36","modified_gmt":"2020-04-25T16:14:36","slug":"ramadan-a-tizi-ouzou-le-rituel-du-jeune-des-enfants-une-tradition-remise-au-gout-du-jour","status":"publish","type":"post","link":"https:\/\/linitiative.ca\/International\/ramadan-a-tizi-ouzou-le-rituel-du-jeune-des-enfants-une-tradition-remise-au-gout-du-jour\/","title":{"rendered":"\u00a0Ramadan \u00e0 Tizi-Ouzou: le rituel du je\u00fbne des enfants, une tradition remise au go\u00fbt du jour"},"content":{"rendered":"<div readability=\"36\">\n<p><strong>TIZI-OUZOU- Le rituel du je\u00fbne des enfants qui consiste \u00e0 les faire monter sur le toit ou la terrasse de la maison \u00e0 l\u2019occasion de leur premier jour du je\u00fbne, est une ancienne tradition remise au go\u00fbt du\u00a0jour, dans la wilaya de Tizi-Ouzou.<\/strong><\/p>\n<\/div>\n<div readability=\"111\">\n<p>Hier vendredi, \u00e9tait un jour qui restera grav\u00e9 dans la m\u00e9moire de nombreux enfants qui ont observ\u00e9 leur premier jour de je\u00fbne. Dans plusieurs localit\u00e9s des quatre coins de la wilaya telle que Tadmait, Tizi Ntlata,<\/p>\n<p>Assi Youcef, Ouadhias, Tizi-Rached, Ouaguenoune, Illilten, Idjeur, Ouacifs, Bouzguene, Azazga, Aghribs, et m\u00eame dans la commune du chef-lieu de wilaya, de nombreuses familles ont observ\u00e9 ce rituel ancestral.<\/p>\n<blockquote readability=\"11\">\n<p><em><strong>Apr\u00e8s une journ\u00e9e \u00e9puisante de je\u00fbne pour l\u2019enfant, pass\u00e9 sous l\u2019\u0153il vigilant de la maman pour s\u2019assurer que l\u2019abstinence de manger et de boire ne nuit pas \u00e0 sa sant\u00e9, la famille se pr\u00e9pare \u00e0 accueillir ce nouveau je\u00fbneur par un rituel particulier destin\u00e9 \u00e0 le r\u00e9compenser pour son effort et \u00e0 l\u2019honorer, selon plusieurs t\u00e9moignages recueillis aupr\u00e8s de familles qui ont observ\u00e9 ce rituel.<\/strong><\/em><\/p>\n<\/blockquote>\n<p>A la rupture du je\u00fbne, traditionnellement ont fait monter l\u2019enfant sur le toit ou la cl\u00f4ture, ou actuellement sur la terrasse, et on lui sert g\u00e9n\u00e9ralement trois \u0153ufs durs, un pain traditionnel \u00e0 base de semoule et\u00a0d\u2019huile d\u2019olive et un pot en terre cuite rempli d\u2019eau et dans lequel on aura discr\u00e8tement gliss\u00e9 une pi\u00e8ce de monnaie pour le gar\u00e7on, ou un bijoux en argent pour la fille.<\/p>\n<p>M.de Tadmait, une maman de 45 ans a marqu\u00e9 ce rituel, hier vendredi, pour son gar\u00e7on \u00e2g\u00e9 de 8 ans.\u00a0\u00bbMon petit Yanis a essay\u00e9 de je\u00fbner l\u2019an dernier, mais il n\u2019a pas pu aller au bout de la journ\u00e9e, cette ann\u00e9e il a r\u00e9ussi \u00e0 tenir jusqu\u2019au moment de la rupture du je\u00fbne et \u00e9tait press\u00e9 de monter sur\u00a0la terrasse et montrer fi\u00e8rement qu\u2019il a r\u00e9ussi son premier jour de je\u00fbne.<\/p>\n<p>Il a eu ainsi droit \u00e0 des dattes et un \u0153uf dur, puis il est descendu et a pris son repas avec nous\u00a0\u00bb, a-t-elle dit.<\/p>\n<p>Yanis qui entame ce samedi son deuxi\u00e8me jour de je\u00fbne, a affirm\u00e9 qu\u2019il a je\u00fbn\u00e9 pour pouvoir monter sur le \u00ab\u00a0toit\u00a0\u00bb. \u00ab\u00a0J\u2019avais soif et faim mais je l\u2019ai pas signal\u00e9 \u00e0 ma m\u00e8re, j\u2019ai regard\u00e9 la t\u00e9l\u00e9 et on m\u2019a laiss\u00e9 faire tout ce que je voulais, c\u2019\u00e9tait merveilleux de monter sur la terrasse\u00a0\u00bb, a-t-il dit.<\/p>\n<blockquote readability=\"13\">\n<p><em><strong>Ceux qui ont v\u00e9cu cette exp\u00e9rience s\u2019en souviennent encore comme si c\u2019\u00e9tait hier. C&rsquo;est le cas pour Sabrina, jeune maman qui se rappelle: \u00ab\u00a0En fait, j\u2019ai surtout je\u00fbn\u00e9 ce jour l\u00e0 pour monter sur le toit, c\u2019\u00e9tait\u00a0\u00a0le toit d\u2019une belle maison traditionnelle avec des tuiles rouges. On m\u2019a servi de la chorba, un pilon de poulet et de la zlabiya\u00a0\u00bb, se souvient-elle.<\/strong><\/em><\/p>\n<\/blockquote>\n<p>Je me sentais grande et capable, j\u2019\u00e9tais fi\u00e8re et je me souviens aussi de la fiert\u00e9 et de la joie de ma famille d&rsquo;autant que je suis la cadette d\u2019une famille nombreuse, c\u2019\u00e9tait plein d\u2019\u00e9motion et c\u2019est un souvenir magnifique, l\u2019un des meilleurs de mon enfance\u00a0\u00bb, a-t-elle soulign\u00e9.<\/p>\n<p>Beaucoup d\u2019adultes qui ont v\u00e9cu cette tradition, ont gard\u00e9 de bons souvenirs, selon plusieurs t\u00e9moignages recueillis par l\u2019APS. Devenus parents, ils tiennent \u00e0 faire vivre ce moment \u00e0 leur prog\u00e9niture, pour\u00a0perp\u00e9tuer la tradition mais aussi pour lui offrir un beau souvenir.<\/p>\n<\/div>\n<p>Auteur:<br \/>\n<a href=\"http:\/\/www.aps.dz\/regions\/104395-ramadan-a-tizi-ouzou-le-rituel-du-jeune-des-enfants-une-tradition-remise-au-gout-du-jour\">Cliquez ici pour lire l&rsquo;article depuis sa source.<\/a><\/p>\n","protected":false},"excerpt":{"rendered":"<p>TIZI-OUZOU- Le rituel du je\u00fbne des enfants qui consiste \u00e0 les faire monter sur le toit ou la terrasse de la maison \u00e0 l\u2019occasion de leur premier jour du je\u00fbne, est une ancienne tradition remise au go\u00fbt du\u00a0jour, dans la wilaya de Tizi-Ouzou. Hier vendredi, \u00e9tait un jour qui restera grav\u00e9 dans la m\u00e9moire de [&hellip;]<\/p>\n","protected":false},"author":1790,"featured_media":0,"comment_status":"closed","ping_status":"closed","sticky":false,"template":"","format":"standard","meta":{"fifu_image_url":"","fifu_image_alt":"","footnotes":""},"categories":[53,76],"tags":[],"class_list":["post-83390","post","type-post","status-publish","format-standard","hentry","category-algerie","category-regions"],"_links":{"self":[{"href":"https:\/\/linitiative.ca\/International\/wp-json\/wp\/v2\/posts\/83390","targetHints":{"allow":["GET"]}}],"collection":[{"href":"https:\/\/linitiative.ca\/International\/wp-json\/wp\/v2\/posts"}],"about":[{"href":"https:\/\/linitiative.ca\/International\/wp-json\/wp\/v2\/types\/post"}],"author":[{"embeddable":true,"href":"https:\/\/linitiative.ca\/International\/wp-json\/wp\/v2\/users\/1790"}],"replies":[{"embeddable":true,"href":"https:\/\/linitiative.ca\/International\/wp-json\/wp\/v2\/comments?post=83390"}],"version-history":[{"count":0,"href":"https:\/\/linitiative.ca\/International\/wp-json\/wp\/v2\/posts\/83390\/revisions"}],"wp:attachment":[{"href":"https:\/\/linitiative.ca\/International\/wp-json\/wp\/v2\/media?parent=83390"}],"wp:term":[{"taxonomy":"category","embeddable":true,"href":"https:\/\/linitiative.ca\/International\/wp-json\/wp\/v2\/categories?post=83390"},{"taxonomy":"post_tag","embeddable":true,"href":"https:\/\/linitiative.ca\/International\/wp-json\/wp\/v2\/tags?post=83390"}],"curies":[{"name":"wp","href":"https:\/\/api.w.org\/{rel}","templated":true}]}}