{"id":83391,"date":"2020-04-25T12:45:53","date_gmt":"2020-04-25T16:45:53","guid":{"rendered":"https:\/\/linitiative.ca\/International\/covid-19-139-nouveaux-cas-confirmes-au-maroc-3-897-au-total\/"},"modified":"2020-04-25T12:45:53","modified_gmt":"2020-04-25T16:45:53","slug":"covid-19-139-nouveaux-cas-confirmes-au-maroc-3-897-au-total","status":"publish","type":"post","link":"https:\/\/linitiative.ca\/International\/covid-19-139-nouveaux-cas-confirmes-au-maroc-3-897-au-total\/","title":{"rendered":"Covid-19 : 139 nouveaux cas confirm\u00e9s au Maroc, 3.897 au total"},"content":{"rendered":"<div class=\"single-featured\"><img alt=\"\" data-src=\"http:\/\/www.mapoujda.ma\/map\/uploads\/2020\/03\/Si&#xE8;ge-de-la-direction-de-l&#x2019;&#xE9;pid&#xE9;miologie-et-de-la-lutte-contre-les-maladies-M750&#xD7;430-MAP.jpg\"\/><\/div>\n<div class=\"entry-content clearfix single-post-content\" readability=\"52\">\n<p class=\"c4\">Cent trente-neuf (139) nouveaux cas d\u2019infection au coronavirus (Covid-19) ont \u00e9t\u00e9 confirm\u00e9s au Maroc lors des derni\u00e8res 22 heures, portant \u00e0 3.897 le nombre total des cas de contamination, a annonc\u00e9 samedi le minist\u00e8re de la Sant\u00e9.<\/p>\n<p class=\"c4\">Le nombre de personnes d\u00e9clar\u00e9es gu\u00e9ries s\u2019est \u00e9lev\u00e9, jusqu\u2019\u00e0 samedi \u00e0 16H00, \u00e0 537 (51 r\u00e9missions suppl\u00e9mentaires), alors que le nombre de d\u00e9c\u00e8s a \u00e9t\u00e9 port\u00e9 \u00e0 159 avec l\u2019enregistrement d\u2019un nouveau d\u00e9c\u00e8s, a indiqu\u00e9 le directeur de l\u2019\u00e9pid\u00e9miologie et de lutte contre les maladies au minist\u00e8re de la Sant\u00e9, Mohamed El Youbi, dans une d\u00e9claration retransmise par la MAP sur sa cha\u00eene de t\u00e9l\u00e9vision M24 et et sur RIM RADIO.<\/p>\n<p class=\"c4\">Par ailleurs, le nombre des cas exclus apr\u00e8s des r\u00e9sultats n\u00e9gatifs d\u2019analyses effectu\u00e9es au laboratoire est de\u00a021.546, a-t-il dit.<\/p>\n<\/div>\n<p>Auteur: Soufiane ELAHMAR<br \/>\n<a href=\"http:\/\/www.mapoujda.ma\/fr\/covid-19-139-nouveaux-cas-confirmes-au-maroc-3-897-au-total\/\">Cliquez ici pour lire l&rsquo;article depuis sa source.<\/a><\/p>\n","protected":false},"excerpt":{"rendered":"<p>Cent trente-neuf (139) nouveaux cas d\u2019infection au coronavirus (Covid-19) ont \u00e9t\u00e9 confirm\u00e9s au Maroc lors des derni\u00e8res 22 heures, portant \u00e0 3.897 le nombre total des cas de contamination, a annonc\u00e9 samedi le minist\u00e8re de la Sant\u00e9. Le nombre de personnes d\u00e9clar\u00e9es gu\u00e9ries s\u2019est \u00e9lev\u00e9, jusqu\u2019\u00e0 samedi \u00e0 16H00, \u00e0 537 (51 r\u00e9missions suppl\u00e9mentaires), alors [&hellip;]<\/p>\n","protected":false},"author":1788,"featured_media":0,"comment_status":"closed","ping_status":"closed","sticky":false,"template":"","format":"standard","meta":{"fifu_image_url":"","fifu_image_alt":"","footnotes":""},"categories":[54,76],"tags":[],"class_list":["post-83391","post","type-post","status-publish","format-standard","hentry","category-maroc","category-regions"],"_links":{"self":[{"href":"https:\/\/linitiative.ca\/International\/wp-json\/wp\/v2\/posts\/83391","targetHints":{"allow":["GET"]}}],"collection":[{"href":"https:\/\/linitiative.ca\/International\/wp-json\/wp\/v2\/posts"}],"about":[{"href":"https:\/\/linitiative.ca\/International\/wp-json\/wp\/v2\/types\/post"}],"author":[{"embeddable":true,"href":"https:\/\/linitiative.ca\/International\/wp-json\/wp\/v2\/users\/1788"}],"replies":[{"embeddable":true,"href":"https:\/\/linitiative.ca\/International\/wp-json\/wp\/v2\/comments?post=83391"}],"version-history":[{"count":0,"href":"https:\/\/linitiative.ca\/International\/wp-json\/wp\/v2\/posts\/83391\/revisions"}],"wp:attachment":[{"href":"https:\/\/linitiative.ca\/International\/wp-json\/wp\/v2\/media?parent=83391"}],"wp:term":[{"taxonomy":"category","embeddable":true,"href":"https:\/\/linitiative.ca\/International\/wp-json\/wp\/v2\/categories?post=83391"},{"taxonomy":"post_tag","embeddable":true,"href":"https:\/\/linitiative.ca\/International\/wp-json\/wp\/v2\/tags?post=83391"}],"curies":[{"name":"wp","href":"https:\/\/api.w.org\/{rel}","templated":true}]}}